{"id":6698,"date":"2023-09-16T13:35:55","date_gmt":"2023-09-16T11:35:55","guid":{"rendered":"https:\/\/buchundgewitter.de\/?p=6698"},"modified":"2023-09-19T11:12:30","modified_gmt":"2023-09-19T09:12:30","slug":"neuerscheinungen-september-dezember-2023-romance","status":"publish","type":"post","link":"https:\/\/buchundgewitter.de\/?p=6698","title":{"rendered":"Neuerscheinungen September &#8211; Dezember 2023: Romance"},"content":{"rendered":"<div class=\"wp-block-image\">\n<figure class=\"aligncenter size-large\"><img loading=\"lazy\" decoding=\"async\" width=\"2560\" height=\"1440\" src=\"https:\/\/buchundgewitter.de\/wp-content\/uploads\/2023\/09\/4E05A305-DBF2-49A3-8FE0-ECB23563E7D9-edited-scaled.jpg\" alt=\"\" class=\"wp-image-6720\" srcset=\"https:\/\/buchundgewitter.de\/wp-content\/uploads\/2023\/09\/4E05A305-DBF2-49A3-8FE0-ECB23563E7D9-edited-scaled.jpg 2560w, https:\/\/buchundgewitter.de\/wp-content\/uploads\/2023\/09\/4E05A305-DBF2-49A3-8FE0-ECB23563E7D9-edited-400x225.jpg 400w, https:\/\/buchundgewitter.de\/wp-content\/uploads\/2023\/09\/4E05A305-DBF2-49A3-8FE0-ECB23563E7D9-edited-1707x960.jpg 1707w, https:\/\/buchundgewitter.de\/wp-content\/uploads\/2023\/09\/4E05A305-DBF2-49A3-8FE0-ECB23563E7D9-edited-768x432.jpg 768w, https:\/\/buchundgewitter.de\/wp-content\/uploads\/2023\/09\/4E05A305-DBF2-49A3-8FE0-ECB23563E7D9-edited-1536x864.jpg 1536w, https:\/\/buchundgewitter.de\/wp-content\/uploads\/2023\/09\/4E05A305-DBF2-49A3-8FE0-ECB23563E7D9-edited-2048x1152.jpg 2048w\" sizes=\"auto, (max-width: 2560px) 100vw, 2560px\" \/><figcaption class=\"wp-element-caption\">\u00a9buchundgewitter.de<\/figcaption><\/figure>\n<\/div>\n\n\n<p style=\"font-size:16px\">Der zweite Block meiner kleinen Neuerscheinungsliste befasst sich mit den Romance-B\u00fcchern, auf die ich mich dieses Jahr noch freue. Ich versuche mich bei Romance aktuell eher zur\u00fcckzuhalten, weil ich wirklich viele ungelesene B\u00fccher dieses Genres im Regal habe, aber ein paar B\u00fcchern von Bekannten &amp; Lieblingsautor*innen kann ich nicht widerstehen. Los gehts! <\/p>\n\n\n\n<h4 class=\"wp-block-heading\"><strong>Talking To The Moon <\/strong>&#8211; Sherin Nagib <\/h4>\n\n\n\n<p class=\"has-medium-font-size\"><strong><em>ET: 11. September 2023<\/em><\/strong><\/p>\n\n\n<div class=\"wp-block-image\">\n<figure class=\"alignleft size-medium\"><img loading=\"lazy\" decoding=\"async\" width=\"260\" height=\"400\" src=\"https:\/\/buchundgewitter.de\/wp-content\/uploads\/2023\/09\/198970324-260x400.jpg\" alt=\"\" class=\"wp-image-6702\" srcset=\"https:\/\/buchundgewitter.de\/wp-content\/uploads\/2023\/09\/198970324-260x400.jpg 260w, https:\/\/buchundgewitter.de\/wp-content\/uploads\/2023\/09\/198970324-625x960.jpg 625w, https:\/\/buchundgewitter.de\/wp-content\/uploads\/2023\/09\/198970324-768x1180.jpg 768w, https:\/\/buchundgewitter.de\/wp-content\/uploads\/2023\/09\/198970324.jpg 976w\" sizes=\"auto, (max-width: 260px) 100vw, 260px\" \/><\/figure>\n<\/div>\n\n\n<p style=\"font-size:16px\"><strong>&#8222;Mit jeder Zeile meines Songs verliere ich mein Herz mehr an dich \u2026&#8220; Judy ist Feuer und Flamme, als an ihrer Uni ein Wettbewerb um einen Vertrag bei einer Plattenfirma ausgeschrieben wird. Eine Karriere als Songwriterin ist schon lange ihr Traum. Noch bevor sie \u00fcberhaupt zum Wettbewerb zugelassen werden kann, schafft ein rassistischer Dozent es, in ihr Zweifel an ihrem Talent zu wecken. Doch dann trifft sie auf Jaad, der selbst Musiker ist und dem sie sich anvertraut. Auch er steht aufgrund seiner Herkunft vor gro\u00dfen Herausforderungen. Bei Kaffee-Dates unter der kalifornischen Sonne und bei abendlichen Musikproben entsteht zwischen Jaad &amp; Judy mehr als nur ber\u00fchrende Liebeslieder. Doch ist Jaad wirklich da, wenn Judy ihn am meisten braucht? &nbsp;<\/strong><\/p>\n\n\n\n<p class=\"has-text-align-right\" style=\"font-size:16px\">Der Autorin folge ich seit einer Weile auf Instagram und ich mag ihren Content sehr, das Buch klingt wundervoll, wie ein letzter Gru\u00df an den Sommer, bevor der Herbst einzieht und ich bin sehr gespannt wie die Umsetzung der Musik im Buch sein wird. Die Autorin hat n\u00e4mlich auch einen Song zu ihrem Buch produzieren lassen (wie cool ist das denn?) und ich freue mich einfach sehr auf Kalifornien &amp; Collegeerfahrungen zu lesen. Zudem ist Judy Hijabi und die Autorin hat schon ein bisschen zu ihrem Schreibprozess mit diesem Thema auf Instagram geteilt und wie es f\u00fcr sie war den Glauben Judys in einem typischen NA Romance Setting umzusetzen, das finde ich unglaublich spannend. Und ganz allgemein m\u00fcssen wir mehr BiPOC Autor*innen unterst\u00fctzen, also rann an das Buch.<\/p>\n\n\n\n<h4 class=\"wp-block-heading\"><strong>Staying Was The Hardest Part<\/strong> &#8211; Rabia Do\u011fan<\/h4>\n\n\n\n<p class=\"has-medium-font-size\"><strong><em>ET: 28. September 2023<\/em><\/strong><\/p>\n\n\n<div class=\"wp-block-image\">\n<figure class=\"alignright size-medium\"><img loading=\"lazy\" decoding=\"async\" width=\"269\" height=\"400\" src=\"https:\/\/buchundgewitter.de\/wp-content\/uploads\/2023\/09\/129077766-269x400.jpg\" alt=\"\" class=\"wp-image-6704\" srcset=\"https:\/\/buchundgewitter.de\/wp-content\/uploads\/2023\/09\/129077766-269x400.jpg 269w, https:\/\/buchundgewitter.de\/wp-content\/uploads\/2023\/09\/129077766.jpg 336w\" sizes=\"auto, (max-width: 269px) 100vw, 269px\" \/><\/figure>\n<\/div>\n\n\n<p class=\"has-text-align-right\" style=\"font-size:16px\"><strong>*Ich h\u00f6re tausend Worte in deiner Stille*<br>Nachdem Evrens Bruder vor f\u00fcnf Jahren verschwunden ist, verf\u00e4llt sie nach und nach in ein Schweigen \u2013 die \u00c4rzte diagnostizieren ihr Mutismus. Die Stille ertr\u00e4nkt nicht nur ihren Wunsch, Medizin zu studieren, sondern auch die Verbindungen zu allen Menschen, die ihr nahestehen und ihr begegnen. Talhah, der ihr viel zu h\u00e4ufig \u00fcber den Weg l\u00e4uft, l\u00e4sst sich von Evrens Mauern jedoch nicht beirren. Dabei tr\u00e4gt er selbst eine Geschichte von Flucht und Verlust in sich, die ihm jegliche Stabilit\u00e4t h\u00e4tte nehmen m\u00fcssen \u2013 dennoch ist er der erste sichere Grund, den Evren unter ihren F\u00fc\u00dfen sp\u00fcrt.<\/strong><\/p>\n\n\n\n<p class=\"has-text-align-left\" style=\"font-size:16px\"><em>Staying<\/em> <em>Was The Hardest Part<\/em> war ein Testlese-Bebi, ich durfte das Buch vor exakt einem Jahr bereits lesen und warte seitdem sehns\u00fcchtig auf seine Ver\u00f6ffentlichung. Evren &amp; Talhah sind zwei ganz besonders Cuties, die in jedes B\u00fccherregal geh\u00f6ren, weil ihre Geschichte so echt, ehrlich und ruhig ist, trotz der schweren B\u00fcrden, die sie beide tragen. <em>Staying<\/em> ist so ein Buch, das bitters\u00fc\u00df ist, aber genau darin liegt sein Zauber &amp; seine St\u00e4rke. Ich freue mich unglaublich bald wieder mit Evren durch die Bibliothek zu streifen und Talhah im Krankenhaus zu begr\u00fc\u00dfen und all die sanften Ann\u00e4herungen zwischen ihnen.<\/p>\n\n\n\n<h4 class=\"wp-block-heading\"><strong>Wintertr\u00e4ume im kleinen Grand Hotel<\/strong><em> <\/em>&#8211; Felicity Pickford<\/h4>\n\n\n\n<p class=\"has-medium-font-size\"><strong><em>ET: 27. September 2023<\/em><\/strong><\/p>\n\n\n<div class=\"wp-block-image\">\n<figure class=\"alignleft size-medium\"><img loading=\"lazy\" decoding=\"async\" width=\"249\" height=\"400\" src=\"https:\/\/buchundgewitter.de\/wp-content\/uploads\/2023\/09\/Pickford_FWintertraeume_ikl_GH_CS3_235760_300dpi-249x400.jpg\" alt=\"\" class=\"wp-image-6706\" srcset=\"https:\/\/buchundgewitter.de\/wp-content\/uploads\/2023\/09\/Pickford_FWintertraeume_ikl_GH_CS3_235760_300dpi-249x400.jpg 249w, https:\/\/buchundgewitter.de\/wp-content\/uploads\/2023\/09\/Pickford_FWintertraeume_ikl_GH_CS3_235760_300dpi-598x960.jpg 598w, https:\/\/buchundgewitter.de\/wp-content\/uploads\/2023\/09\/Pickford_FWintertraeume_ikl_GH_CS3_235760_300dpi-768x1233.jpg 768w, https:\/\/buchundgewitter.de\/wp-content\/uploads\/2023\/09\/Pickford_FWintertraeume_ikl_GH_CS3_235760_300dpi-956x1536.jpg 956w, https:\/\/buchundgewitter.de\/wp-content\/uploads\/2023\/09\/Pickford_FWintertraeume_ikl_GH_CS3_235760_300dpi-1275x2048.jpg 1275w, https:\/\/buchundgewitter.de\/wp-content\/uploads\/2023\/09\/Pickford_FWintertraeume_ikl_GH_CS3_235760_300dpi.jpg 1500w\" sizes=\"auto, (max-width: 249px) 100vw, 249px\" \/><\/figure>\n<\/div>\n\n\n<p style=\"font-size:16px\"><strong>Wie die Tradition es verlangt, erh\u00e4lt auch in diesem Jahr ein Ehrengast die Einladung, die Weihnachtstage im \u00bb24 Charming Street\u00ab auf der Isle of Skye verbringen zu d\u00fcrfen \u2013 es ist Harold, der ebenso beliebte wie legend\u00e4re Busfahrer der Insel. Allerdings befindet sich das altehrw\u00fcrdige Hotel in Aufruhr: Mr. Fletcher, der neue Leiter, hat ein Filmteam engagiert, das die sonstige Beschaulichkeit geh\u00f6rig durcheinanderbringt und auch noch daf\u00fcr sorgt, dass ausgerechnet am Heiligen Abend der Strom ausf\u00e4llt. Spontan bietet Harold den Anwesenden an, die Feier in seinen Bus zu verlegen und eine Art Weihnachtspicknick auf R\u00e4dern zu veranstalten. Und w\u00e4hrend er die G\u00e4ste bei Punsch und Pudding durch die romantisch verschneite Winternacht kutschiert, geht nicht nur f\u00fcr ihn ein Traum in Erf\u00fcllung, von dem er gar nicht wusste, dass er ihn \u00fcberhaupt hatte \u2026<\/strong><\/p>\n\n\n\n<p class=\"has-text-align-right\" style=\"font-size:16px\">Als ich gesehen habe, dass es einen dritten Band meiner liebsten Weihnachtsb\u00fccher geben wird, gab es kein Z\u00f6gern bei mir. Dat Ding is vorbestellt! Ich liebe dieses kleine Grand Hotel und seine herzensguten Menschen drum herum und dieser Klappentext klingt einfach so herzerw\u00e4rmend und kuschelig und beschaulich, hach. Die Reihe um das &#8222;24 Charming Street&#8220; ist genau das was ich zu den Feiertagen lesen m\u00f6chte, ich kann mich hier unglaublich gut Wegtr\u00e4umen.<\/p>\n\n\n\n<h4 class=\"wp-block-heading\"><strong>Songs of Emerald Hills<\/strong> &#8211; Anabelle Stehl<\/h4>\n\n\n\n<p class=\"has-medium-font-size\"><strong><em>ET: 27. Oktober 2023<\/em><\/strong><\/p>\n\n\n<div class=\"wp-block-image\">\n<figure class=\"alignright size-medium\"><img loading=\"lazy\" decoding=\"async\" width=\"251\" height=\"400\" src=\"https:\/\/buchundgewitter.de\/wp-content\/uploads\/2023\/09\/134015388-251x400.jpg\" alt=\"\" class=\"wp-image-6708\" srcset=\"https:\/\/buchundgewitter.de\/wp-content\/uploads\/2023\/09\/134015388-251x400.jpg 251w, https:\/\/buchundgewitter.de\/wp-content\/uploads\/2023\/09\/134015388.jpg 350w\" sizes=\"auto, (max-width: 251px) 100vw, 251px\" \/><\/figure>\n<\/div>\n\n\n<p class=\"has-text-align-right\" style=\"font-size:16px\"><strong>Ein Neuanfang auf der gr\u00fcnen Insel &#8230;<br>Eine Weile Abstand von allem &#8211; insbesondere den schmerzhaften Erinnerungen an ihre beste Freundin -, das erhofft Caroline sich von ihrem Aufenthalt in Irland. Idealerweise findet sie auf der gr\u00fcnen Insel endlich heraus, was sie eigentlich will vom Leben. Wen sie will, merkt sie fr\u00fcher, als ihr lieb ist: Conor, der Nachbar ihrer etwas schrulligen Gastgeberin, verdreht ihr n\u00e4mlich vom ersten Tag an den Kopf. Als sie zusammen ein G\u00e4lisch-Festival auf die Beine stellen, um Conors Sprachschule zu retten, kann auch dieser nicht l\u00e4nger leugnen, dass er sich zu der Deutschen hingezogen f\u00fchlt. Doch er wehrt sich mit aller Macht gegen die aufkommenden Gef\u00fchle, denn Verluste hatte er bereits genug &#8230;<\/strong><\/p>\n\n\n\n<p class=\"has-text-align-left\" style=\"font-size:16px\">Ich warte seit Jahren darauf, dass Anabelle ein Buch schreibt, dass in Irland spielt und endlich ist es so weit. Ich habe ihre kleinen Study-Abroad-Schnipsel, die sie geteilt hat, sehr geliebt und da Anabelle es bisher immer geschafft hat ihre Settings unglaublich lebendig zu gestalten, freue ich mich sehr auf dieses Buch. Die Geschichte klingt super s\u00fc\u00df mit dem Sprach-Festival und der schrulligen Gastgeberin. Ich erwarte irgendwie Kleinstadtvibes und die Illustration, die es zur LYX-Pop-Ip-Tour gab, zeigt einen Strand und ich bin sehr ready f\u00fcr feucht-kaltes, windiges K\u00fcstenwetter. Auch so ein perfektes Buch um den Herbst zu zelebrieren, denke ich. Und passend kommt es kurz nach der FBM raus, vielleicht hilft es den Messeblues zu \u00fcberstehen.<\/p>\n\n\n\n<h4 class=\"wp-block-heading\"><strong>A Night of Shadows And Betrayals<\/strong> &#8211; Anne P\u00e4tzold<\/h4>\n\n\n\n<p class=\"has-medium-font-size\"><strong><em>ET: 27. Oktober 2023<\/em><\/strong><\/p>\n\n\n<div class=\"wp-block-image\">\n<figure class=\"alignleft size-medium\"><img loading=\"lazy\" decoding=\"async\" width=\"253\" height=\"400\" src=\"https:\/\/buchundgewitter.de\/wp-content\/uploads\/2023\/09\/978-3-7363-1971-4-Paetzold-A-Night-of-Shadows-and-Betrayals-org-253x400.jpg\" alt=\"\" class=\"wp-image-6727\" srcset=\"https:\/\/buchundgewitter.de\/wp-content\/uploads\/2023\/09\/978-3-7363-1971-4-Paetzold-A-Night-of-Shadows-and-Betrayals-org-253x400.jpg 253w, https:\/\/buchundgewitter.de\/wp-content\/uploads\/2023\/09\/978-3-7363-1971-4-Paetzold-A-Night-of-Shadows-and-Betrayals-org-607x960.jpg 607w, https:\/\/buchundgewitter.de\/wp-content\/uploads\/2023\/09\/978-3-7363-1971-4-Paetzold-A-Night-of-Shadows-and-Betrayals-org-768x1214.jpg 768w, https:\/\/buchundgewitter.de\/wp-content\/uploads\/2023\/09\/978-3-7363-1971-4-Paetzold-A-Night-of-Shadows-and-Betrayals-org-972x1536.jpg 972w, https:\/\/buchundgewitter.de\/wp-content\/uploads\/2023\/09\/978-3-7363-1971-4-Paetzold-A-Night-of-Shadows-and-Betrayals-org-1296x2048.jpg 1296w, https:\/\/buchundgewitter.de\/wp-content\/uploads\/2023\/09\/978-3-7363-1971-4-Paetzold-A-Night-of-Shadows-and-Betrayals-org-scaled.jpg 1619w\" sizes=\"auto, (max-width: 253px) 100vw, 253px\" \/><\/figure>\n<\/div>\n\n\n<p style=\"font-size:16px\"><strong>Die Liebesgeschichte von Winnie und Jo geht weiter<\/strong><br><strong>Selbst wenn ich es gewollt h\u00e4tte \u2013 ich h\u00e4tte keine Ahnung gehabt, wie ich es ihr h\u00e4tte n\u00e4her bringen sollen: dass ich in ihrer Gegenwart nicht das Gef\u00fchl hatte, im Schatten zu verschwinden. Dass genau das es so schmerzhaft machte, sie anzusehen und nur denken zu k\u00f6nnen: Was, wenn sie nie in mein Leben getreten w\u00e4re?<\/strong>&nbsp;<\/p>\n\n\n\n<p class=\"has-text-align-right\" style=\"font-size:16px\">Diese Beitrag w\u00e4re nicht komplett, ohne ANOSAP! Ich durfte n\u00e4mlich f\u00fcr dieses Buch den Blurb schreiben, nachdem ich Band 1 so geliebt habe und kann das immer noch nicht ganz glauben. (<a href=\"https:\/\/www.luebbe.de\/lyx\/buecher\/romantische-fantasy\/a-night-of-shadows-and-betrayals\/id_9115062\" data-type=\"link\" data-id=\"https:\/\/www.luebbe.de\/lyx\/buecher\/romantische-fantasy\/a-night-of-shadows-and-betrayals\/id_9115062\">Ihr k\u00f6nnt ihn schon auf der Verlagsseite lesen, wenn ihr neugierig seid. Hehe. Eventuell war leichtes Quietschen und Klatschen involviert, als ich das gesehen habe.<\/a>) Das Buch ist keine reine Romance, es hat seine Urban Fantasy-Aspekte, aber ich liebs wegen seiner Beziehungen so, deswegen darf es hier mit in die Liste rein. Winnie &amp; Jo sind mir unglaublich ans Herz gewachsen und ich bin sehr gespannt herauszufinden wohin ihre Reise noch gehen wird und vor allem \u2013 vor allem! \u2013 ob meine Theorien stimmen. Au\u00dferdem sehne ich mich schon etwas nach dem kuscheligen New Yorker Apartment von Sasha &amp; Winnie und will mehr \u00fcber die Vampir-Welt von Jo lernen. Like Vampire + Herbst? Perfekte Kombination.<\/p>\n\n\n\n<h4 class=\"wp-block-heading\"><strong>Like Words On Our Skin <\/strong>&#8211; Mehwish Sohail<\/h4>\n\n\n\n<p class=\"has-medium-font-size\"><strong><em>ET: 24. November 2023<\/em><\/strong><\/p>\n\n\n<div class=\"wp-block-image\">\n<figure class=\"alignright size-medium\"><img loading=\"lazy\" decoding=\"async\" width=\"251\" height=\"400\" src=\"https:\/\/buchundgewitter.de\/wp-content\/uploads\/2023\/09\/978-3-7363-1589-1-Sohail-Like-words-on-our-skin-org-251x400.jpg\" alt=\"\" class=\"wp-image-6753\" srcset=\"https:\/\/buchundgewitter.de\/wp-content\/uploads\/2023\/09\/978-3-7363-1589-1-Sohail-Like-words-on-our-skin-org-251x400.jpg 251w, https:\/\/buchundgewitter.de\/wp-content\/uploads\/2023\/09\/978-3-7363-1589-1-Sohail-Like-words-on-our-skin-org-603x960.jpg 603w, https:\/\/buchundgewitter.de\/wp-content\/uploads\/2023\/09\/978-3-7363-1589-1-Sohail-Like-words-on-our-skin-org-768x1223.jpg 768w, https:\/\/buchundgewitter.de\/wp-content\/uploads\/2023\/09\/978-3-7363-1589-1-Sohail-Like-words-on-our-skin-org-964x1536.jpg 964w, https:\/\/buchundgewitter.de\/wp-content\/uploads\/2023\/09\/978-3-7363-1589-1-Sohail-Like-words-on-our-skin-org-1286x2048.jpg 1286w, https:\/\/buchundgewitter.de\/wp-content\/uploads\/2023\/09\/978-3-7363-1589-1-Sohail-Like-words-on-our-skin-org.jpg 1594w\" sizes=\"auto, (max-width: 251px) 100vw, 251px\" \/><\/figure>\n<\/div>\n\n\n<p class=\"has-text-align-right\" style=\"font-size:16px\"><em>Like Words<\/em> hat noch keinen offiziellen Klappentext, aber v\u00f6llig egal wor\u00fcber Mehwish schreiben w\u00fcrde, ich werd es lesen. Auf Instagram hat Mehwish allerdings schon verraten, dass es um Ibrahim gehen wird, einen der Br\u00fcder von Tariq aus <em>Like Water<\/em> und ich bin so bereit diesen einsch\u00fcchternden jungen Mann mit seinem Haifischl\u00e4cheln n\u00e4her kennenzulernen. Und mehr von Mehwish Wortmagie zu bekommen, denn du meine G\u00fcte, niemand zaubert so mit Worten wie sie. Schaut also auf alle F\u00e4lle auf <a href=\"https:\/\/www.instagram.com\/mehwishshail\/\" data-type=\"link\" data-id=\"https:\/\/www.instagram.com\/mehwishshail\/\">ihrem Instagram<\/a> vorbei, wenn ihr mehr zum Vize des Buches erfahren wollt, sie postet schon ein paar kleine Einblicke. Falls euch <em>Like Water In Your Hands<\/em> entgangen ist, dann habt ihr bis Ende November noch genug Zeit aufz\u00e4hlen und in den Genuss vom Mehwish Sohails Wortzauber zu kommen. ch freue mich so zur\u00fcck nach Wien zu reisen, den chaotischen, liebevollen Haushalt der Saddams wieder zu betreten und zu lernen wie Sadia (who is she?) Ibrahims Leben auf den Kopf stellt. <\/p>\n\n\n\n<p class=\"has-text-align-center\">\u2013<\/p>\n\n\n\n<p class=\"has-text-align-center\" style=\"font-size:16px\">Das sind meine Romance-Must-Reads f\u00fcr die letzten Monate in 2023, etwas f\u00fcr den Sp\u00e4tsommer, den Herbst und den Winter, das passt doch perfekt. Hattet ihr einige dieser B\u00fccher auf dem Radar? <br>Alles Liebe<\/p>\n\n\n<div class=\"wp-block-image\">\n<figure class=\"aligncenter size-medium\"><img loading=\"lazy\" decoding=\"async\" width=\"400\" height=\"142\" src=\"https:\/\/buchundgewitter.de\/wp-content\/uploads\/2020\/06\/Unterschrift-Blog-400x142.png\" alt=\"\" class=\"wp-image-5030\" srcset=\"https:\/\/buchundgewitter.de\/wp-content\/uploads\/2020\/06\/Unterschrift-Blog-400x142.png 400w, https:\/\/buchundgewitter.de\/wp-content\/uploads\/2020\/06\/Unterschrift-Blog-768x272.png 768w, https:\/\/buchundgewitter.de\/wp-content\/uploads\/2020\/06\/Unterschrift-Blog.png 799w\" sizes=\"auto, (max-width: 400px) 100vw, 400px\" \/><\/figure>\n<\/div>\n\n\n<p class=\"has-text-align-right\">  <\/p>\n\n\n\n<p class=\"has-text-align-right\" style=\"font-size:16px\"> <\/p>\n","protected":false},"excerpt":{"rendered":"<p>Der zweite Block meiner kleinen Neuerscheinungsliste befasst sich mit den Romance-B\u00fcchern, auf die ich mich dieses Jahr noch freue. Ich versuche mich bei Romance aktuell eher zur\u00fcckzuhalten, weil ich wirklich viele ungelesene B\u00fccher dieses Genres im Regal habe, aber ein paar B\u00fcchern von Bekannten &amp; Lieblingsautor*innen kann ich nicht widerstehen. Los gehts! Talking To The [&hellip;]<\/p>\n","protected":false},"author":1,"featured_media":6718,"comment_status":"open","ping_status":"open","sticky":false,"template":"","format":"standard","meta":{"_genesis_hide_title":false,"_genesis_hide_breadcrumbs":false,"_genesis_hide_singular_image":false,"_genesis_hide_footer_widgets":false,"_genesis_custom_body_class":"","_genesis_custom_post_class":"","_genesis_layout":"","footnotes":""},"categories":[3],"tags":[521,461,537,522,100,535,314,531,532,538,534,533,536],"class_list":{"0":"post-6698","1":"post","2":"type-post","3":"status-publish","4":"format-standard","5":"has-post-thumbnail","7":"category-bookish","8":"tag-521","9":"tag-anabelle-stehl","10":"tag-felicity-pickford","11":"tag-neuerscheinungen","12":"tag-new-adult","13":"tag-rabia-dogan","14":"tag-romance","15":"tag-september-bis-dezember","16":"tag-sherin-nagib","17":"tag-songs-of-emerald-hills","18":"tag-staying-was-the-hardest-part","19":"tag-talking-to-the-moon","20":"tag-wintertraeume-im-kleinen-grand-hotel","21":"entry"},"_links":{"self":[{"href":"https:\/\/buchundgewitter.de\/index.php?rest_route=\/wp\/v2\/posts\/6698","targetHints":{"allow":["GET"]}}],"collection":[{"href":"https:\/\/buchundgewitter.de\/index.php?rest_route=\/wp\/v2\/posts"}],"about":[{"href":"https:\/\/buchundgewitter.de\/index.php?rest_route=\/wp\/v2\/types\/post"}],"author":[{"embeddable":true,"href":"https:\/\/buchundgewitter.de\/index.php?rest_route=\/wp\/v2\/users\/1"}],"replies":[{"embeddable":true,"href":"https:\/\/buchundgewitter.de\/index.php?rest_route=%2Fwp%2Fv2%2Fcomments&post=6698"}],"version-history":[{"count":10,"href":"https:\/\/buchundgewitter.de\/index.php?rest_route=\/wp\/v2\/posts\/6698\/revisions"}],"predecessor-version":[{"id":6757,"href":"https:\/\/buchundgewitter.de\/index.php?rest_route=\/wp\/v2\/posts\/6698\/revisions\/6757"}],"wp:featuredmedia":[{"embeddable":true,"href":"https:\/\/buchundgewitter.de\/index.php?rest_route=\/wp\/v2\/media\/6718"}],"wp:attachment":[{"href":"https:\/\/buchundgewitter.de\/index.php?rest_route=%2Fwp%2Fv2%2Fmedia&parent=6698"}],"wp:term":[{"taxonomy":"category","embeddable":true,"href":"https:\/\/buchundgewitter.de\/index.php?rest_route=%2Fwp%2Fv2%2Fcategories&post=6698"},{"taxonomy":"post_tag","embeddable":true,"href":"https:\/\/buchundgewitter.de\/index.php?rest_route=%2Fwp%2Fv2%2Ftags&post=6698"}],"curies":[{"name":"wp","href":"https:\/\/api.w.org\/{rel}","templated":true}]}}