{"id":6231,"date":"2023-08-10T12:05:29","date_gmt":"2023-08-10T10:05:29","guid":{"rendered":"https:\/\/buchundgewitter.de\/?p=6231"},"modified":"2025-07-19T19:35:37","modified_gmt":"2025-07-19T17:35:37","slug":"gewittergedanken-ein-follow-up-zu-moralisch-grauen-figuren","status":"publish","type":"post","link":"https:\/\/buchundgewitter.de\/?p=6231","title":{"rendered":"Gewittergedanken #3: Ein Follow-Up zu moralisch-grauen Figuren"},"content":{"rendered":"\n<p style=\"font-size:16px\">Als ich meinen Beitrag zu <a href=\"https:\/\/buchundgewitter.de\/2020\/05\/01\/gewittergedanken-mein-problem-mit-moralisch-grauen-figuren\/\" data-type=\"post\" data-id=\"4752\">moralisch grauen Figuren in 2020<\/a> getippt habe, habe ich mir selbst eine Grube gegraben. Ich kann meinen Beitrag von damals &#8211; Hach, ich kann damals schreiben, weil es drei Jahre her ist, uff &#8211; noch gut nachvollziehen, auch wenn ich heute wei\u00df, dass ich herrlich naiv war. Meine Gedanken haben sich ge\u00e4ndert, ich habe mich entwickelt und bin zu meinem Leidwesen erwachsener geworden und dachte, ich lasse mal ein paar neue Gedanken zu diesem Thema hier. Mal schauen, ob das auch eine Grube wird, \u00fcber die ich in ein paar Jahren stolpern werde. <\/p>\n\n\n\n<h3 class=\"wp-block-heading has-text-align-center\">Meine Gedanken zu moralisch-grauen Figuren, Klappe die Zweite<\/h3>\n\n\n\n<p><\/p>\n\n\n\n<p style=\"font-size:16px\">Zuallererst: <strong>I GET IT NOW.<\/strong> <br>Kurz nach diesem Blogpost in 2020 begann ich die Black Lives Matter-Proteste bewusst zu verfolgen, die absolut schrecklichen Aussagen von JKRoachling wurden immer pr\u00e4senter und ich habe seitdem einen gro\u00dfen Absprung in aktivistische Themen gemacht und meinen eigenen Umgang mit Rassismus, Gender, Sprache, Feminismus etc. reflektiert und lerne st\u00e4ndig dazu. Diese Auseinandersetzung mit, gelinde gesagt, sozialen Ungerechtigkeiten in unserer Gesellschaft, hat auch meine Augen f\u00fcr moralische Grauzonen ge\u00f6ffnet und warum sie gerade in der Popkultur so spannend sind. Au\u00dferdem ist mein Anspruch an die Komplexit\u00e4t von Figuren (egal ob Buch, Film oder Serie) in den letzten drei Jahren stark gewachsen, f\u00fcr mich kann es mittlerweile gar nicht mehr vielschichtig genug sein.<\/p>\n\n\n\n<p style=\"font-size:18px\"><strong>Kurzer Zusammenfassung meiner Kernaussagen aus dem alten Beitrag: <\/strong><\/p>\n\n\n\n<ol class=\"wp-block-list\">\n<li style=\"font-size:18px\">Ich sympathisiere eher mit den idealistischen Figuren, weil ich selbst so bin, als mit den moralisch-grau-angelegten (Captain-America-Girl).<\/li>\n\n\n\n<li style=\"font-size:18px\">Die Glaubw\u00fcrdigkeit der moralisch-grauen Figur in der angelegten Welt &#8211; wie stark stellen sie sich gegen das System, welches System liegt vor (Kack-Welt, wo nur die St\u00e4rksten \u00fcberleben oder eine Naja-Welt, mit dem Ansatz von sozialer Gerechtigkeit).<\/li>\n\n\n\n<li style=\"font-size:18px\">Die Perspektive, die man auf die moralisch-graue Figur bekommt ist entscheidend. <\/li>\n<\/ol>\n\n\n\n<p style=\"font-size:16px\">Dann nehmen wir die Punkte doch mal auseinander.<br><strong>Das Captain-America-Girl<\/strong>: Ich stehe immer noch dazu. Das ironische dabei ist aber, dass Cap in seiner Marvel-Entwicklung zum Schluss auch eher moralisch-grau ist \u2013 er hat vielleicht auch ein bisschen das Percy-Jackson-Syndrom; f\u00fcr seine Freunde tut er alles. Cap ist sehr idealistisch, aber wenn seine Ideale gegen die der \u00d6ffentlichkeit\/Politik laufen, dann folgt er eher seinen eigenen, als denen, die ihm diktiert werden. Finde ich ziemlich sympathisch, ehrlich gesagt. Er h\u00e4ngt sein F\u00e4hnchen nicht nach dem Wind. Ich bin ganz \u00e4hnlich gestrickt, meine Ideale helfen mir die Welt zu navigieren und mir ist jetzt auch bewusst, dass idealistisch und moralisch-grau nicht direkte Gegens\u00e4tze sind. <\/p>\n\n\n\n<p style=\"font-size:16px\"><strong>Die Glaubw\u00fcrdigkeit<\/strong>: Mittlerweile gehe ich desillusionierter an die sozialen und politischen Strukturen einer Welt heran, nur weil beispielsweise Frieden herrscht, bedeutet das nicht, das alles gut l\u00e4uft und alle Menschen gerecht behandelt werden. (H\u00e4tte das eigentlich schon aus meinen Lieblingsdystopien wissen sollen, aber besser sp\u00e4t als nie?) Wenn in einer scheinbar okay-en Welt eine moralisch-graue Figur auftaucht, finde ich das nun sehr spannend, denn es tut sich automatisch die Frage auf, was dieser Figur passiert ist, dass sie im Kontrast zum goody-two-shoes steht. Die Erforschung dieser Hintergr\u00fcnde liebe ich mittlerweile sehr und wenn es keine gut gemachte Hintergrundgeschichte gibt, f\u00e4llt damit sowieso jede Figur. <\/p>\n\n\n\n<p style=\"font-size:16px\"><strong>Die Perspektive<\/strong>: Ich finde, es macht wahnsinnig viel aus mit welcher Erz\u00e4hlperspektive moralisch-graue Figuren \u2013 oder moralisch-graue Geschichte allgemein \u2013 betrachtet werden. Ich finde es einfacher \u00fcber moralisch-graue Figuren zu lesen, wenn mir nicht von der Erz\u00e4hlperspektive eine Deutungsrichtung vorgegeben wird, wie das bei auktorialen oder Ich-Erz\u00e4hler*innen oft der Fall ist. Ich bevorzuge neutrale oder personale Erz\u00e4hlperspektiven, wo zur erz\u00e4hlenden Figur ein gewisser Abstand gehalten wird. Dann kann ich relativ unbeeinflusst mir eine Meinung \u00fcber die Figuren bilden und muss mehr eigenen Aufwand reinstecken, das f\u00fchrt meist dazu, dass ich emphatischer bin. <\/p>\n\n\n\n<h3 class=\"wp-block-heading has-text-align-center\">Charakterentwicklung freigeschaltet: Ich<\/h3>\n\n\n\n<p style=\"font-size:16px\">In Zeiten der Klimakrise, einem alarmierend gro\u00dfen Rechtsruck und stetig schwindender Zukunftssicherung stehe ich heute den moralisch-grauen Figuren aus der fiktionalen Welt wesentlich verst\u00e4ndlicher gegen\u00fcber. Ich verstehe den Frust, der mit ungerechten Systemen kommt, ich verstehe die soziale Ausbeutung und emotionalen Wunden, die oftmals dazu f\u00fchren, dass eine Figur &#8222;Schei\u00df drauf&#8220; sagt und dann die Welt anz\u00fcndet. Oder einfach keinen Bock hat die Welt zu retten. Oder ein Teil des Systems zu sein und dann fr\u00f6hlich Chaos stiftet. Ich verstehe es, ich finde es spannend und lese mittlerweile auch sehr viel lieber von solchen Figuren. <\/p>\n\n\n\n<h3 class=\"wp-block-heading has-text-align-center\">Fazit  <\/h3>\n\n\n\n<p style=\"font-size:16px\">Mein Standpunkt zu diesem Thema hat sich also um 180-Grad ge\u00e4ndert, innerhalb von drei Jahren bin ich von einem Ende des Spektrums ins andere gewandert und ich mag es hier dr\u00fcben tats\u00e4chlich gerne. Was meinem idealistischen-Ich aus 2020 fehlte, war die Desillusionierung, die mit der Pandemie und dem st\u00e4rker wahrgenommenen aktivistischen Themen auf Social Media kamen. Heute lese ich diesen alten Beitrag und m\u00f6chte meinem s\u00fc\u00dfen, kleinen, naiven Pre-Pandemie-Me den Kopf t\u00e4tscheln.<\/p>\n\n\n\n<p style=\"font-size:16px\">Habt ihr neue Gedanken zu dem Thema oder seid ihr nur froh, dass ich bekehrt worden bin? Lasst es mich wissen, <\/p>\n\n\n<div class=\"wp-block-image\">\n<figure class=\"alignleft size-medium is-resized\"><img loading=\"lazy\" decoding=\"async\" width=\"400\" height=\"142\" src=\"https:\/\/buchundgewitter.de\/wp-content\/uploads\/2020\/06\/Unterschrift-Blog-400x142.png\" alt=\"\" class=\"wp-image-5030\" style=\"width:200px;height:71px\" srcset=\"https:\/\/buchundgewitter.de\/wp-content\/uploads\/2020\/06\/Unterschrift-Blog-400x142.png 400w, https:\/\/buchundgewitter.de\/wp-content\/uploads\/2020\/06\/Unterschrift-Blog-768x272.png 768w, https:\/\/buchundgewitter.de\/wp-content\/uploads\/2020\/06\/Unterschrift-Blog.png 799w\" sizes=\"auto, (max-width: 400px) 100vw, 400px\" \/><\/figure>\n<\/div>","protected":false},"excerpt":{"rendered":"<p>Als ich meinen Beitrag zu moralisch grauen Figuren in 2020 getippt habe, habe ich mir selbst eine Grube gegraben. Ich kann meinen Beitrag von damals &#8211; Hach, ich kann damals schreiben, weil es drei Jahre her ist, uff &#8211; noch gut nachvollziehen, auch wenn ich heute wei\u00df, dass ich herrlich naiv war. Meine Gedanken haben [&hellip;]<\/p>\n","protected":false},"author":1,"featured_media":7606,"comment_status":"open","ping_status":"open","sticky":false,"template":"","format":"standard","meta":{"_genesis_hide_title":false,"_genesis_hide_breadcrumbs":false,"_genesis_hide_singular_image":false,"_genesis_hide_footer_widgets":false,"_genesis_custom_body_class":"","_genesis_custom_post_class":"","_genesis_layout":"","footnotes":""},"categories":[163],"tags":[373,465],"class_list":{"0":"post-6231","1":"post","2":"type-post","3":"status-publish","4":"format-standard","5":"has-post-thumbnail","7":"category-abseits","8":"tag-gewittergedanken","9":"tag-kolumne","10":"entry"},"_links":{"self":[{"href":"https:\/\/buchundgewitter.de\/index.php?rest_route=\/wp\/v2\/posts\/6231","targetHints":{"allow":["GET"]}}],"collection":[{"href":"https:\/\/buchundgewitter.de\/index.php?rest_route=\/wp\/v2\/posts"}],"about":[{"href":"https:\/\/buchundgewitter.de\/index.php?rest_route=\/wp\/v2\/types\/post"}],"author":[{"embeddable":true,"href":"https:\/\/buchundgewitter.de\/index.php?rest_route=\/wp\/v2\/users\/1"}],"replies":[{"embeddable":true,"href":"https:\/\/buchundgewitter.de\/index.php?rest_route=%2Fwp%2Fv2%2Fcomments&post=6231"}],"version-history":[{"count":10,"href":"https:\/\/buchundgewitter.de\/index.php?rest_route=\/wp\/v2\/posts\/6231\/revisions"}],"predecessor-version":[{"id":7644,"href":"https:\/\/buchundgewitter.de\/index.php?rest_route=\/wp\/v2\/posts\/6231\/revisions\/7644"}],"wp:featuredmedia":[{"embeddable":true,"href":"https:\/\/buchundgewitter.de\/index.php?rest_route=\/wp\/v2\/media\/7606"}],"wp:attachment":[{"href":"https:\/\/buchundgewitter.de\/index.php?rest_route=%2Fwp%2Fv2%2Fmedia&parent=6231"}],"wp:term":[{"taxonomy":"category","embeddable":true,"href":"https:\/\/buchundgewitter.de\/index.php?rest_route=%2Fwp%2Fv2%2Fcategories&post=6231"},{"taxonomy":"post_tag","embeddable":true,"href":"https:\/\/buchundgewitter.de\/index.php?rest_route=%2Fwp%2Fv2%2Ftags&post=6231"}],"curies":[{"name":"wp","href":"https:\/\/api.w.org\/{rel}","templated":true}]}}