{"id":5732,"date":"2021-03-14T15:34:00","date_gmt":"2021-03-14T14:34:00","guid":{"rendered":"https:\/\/buchundgewitter.de\/?p=5732"},"modified":"2025-01-22T15:55:22","modified_gmt":"2025-01-22T14:55:22","slug":"between-your-words-%e2%94%82-emma-scott","status":"publish","type":"post","link":"https:\/\/buchundgewitter.de\/?p=5732","title":{"rendered":"Between your Words von Emma Scott"},"content":{"rendered":"\n<div class=\"wp-block-image\"><figure class=\"aligncenter size-full\"><img loading=\"lazy\" decoding=\"async\" width=\"2560\" height=\"1920\" src=\"https:\/\/buchundgewitter.de\/wp-content\/uploads\/2021\/03\/IMG_6600-scaled.jpg\" alt=\"\" class=\"wp-image-5740\" srcset=\"https:\/\/buchundgewitter.de\/wp-content\/uploads\/2021\/03\/IMG_6600-scaled.jpg 2560w, https:\/\/buchundgewitter.de\/wp-content\/uploads\/2021\/03\/IMG_6600-400x300.jpg 400w, https:\/\/buchundgewitter.de\/wp-content\/uploads\/2021\/03\/IMG_6600-1280x960.jpg 1280w, https:\/\/buchundgewitter.de\/wp-content\/uploads\/2021\/03\/IMG_6600-768x576.jpg 768w, https:\/\/buchundgewitter.de\/wp-content\/uploads\/2021\/03\/IMG_6600-1536x1152.jpg 1536w, https:\/\/buchundgewitter.de\/wp-content\/uploads\/2021\/03\/IMG_6600-2048x1536.jpg 2048w\" sizes=\"auto, (max-width: 2560px) 100vw, 2560px\" \/><\/figure><\/div>\n\n\n\n<p>Dieses Buch landete sehr kurzfristig auf meiner Wunschliste, weil ich mal wieder Lust auf ein Emma-Scott-Buch hatte und den Klappentext sehr spannend fand. Au\u00dferdem ist dieses Cover mega sch\u00f6n und mich hat das suggerierte &#8222;zwischen den Zeilen lesen&#8220; des Titels nat\u00fcrlich auch sehr stark angesprochen. Also wurde das Buch bei der Bloggerjury angefragt, ich bekam zu meiner \u00dcberraschung eine Zusage und wenige Tage sp\u00e4ter flatterte das Buch in meinen Briefkasten. <\/p>\n\n\n\n<h4 class=\"has-text-align-center wp-block-heading\">Zum Inhalt<\/h4>\n\n\n\n<p class=\"has-text-align-center\"><strong>Reichen&nbsp;f\u00fcnf Minuten, um sich zu verlieben?Thea leidet unter einer dramatischen Form der Amnesie. Sie hat f\u00fcnf Minuten, bevor ihr Kurzzeitged\u00e4chtnis wieder gel\u00f6scht wird. F\u00fcr alle au\u00dfer Jim Whelan ist sie ein hoffnungsloser Fall. Allein Jim erkennt, dass ihre seltsamen Kunstwerke aus Wortketten ein Hilferuf sind. Trotz aller Widrigkeiten entsteht zwischen ihm und Thea eine tiefe Verbindung. Als sich eine neue riskante Behandlungsm\u00f6glichkeit auftut, k\u00f6nnte dies eine Chance f\u00fcr ihre scheinbar unm\u00f6gliche Liebe sein \u2013 oder aber ihr Ende bedeuten \u2026<\/strong><\/p>\n\n\n\n<p class=\"has-text-align-right\">Quelle: LYX<\/p>\n\n\n\n<p>Das Buch kommt mit Triggerwarnungen, die wieder hinten im Buch ausgef\u00fchrt werden. <\/p>\n\n\n<div class=\"su-spoiler su-spoiler-style-fancy su-spoiler-icon-plus-circle su-spoiler-closed\" data-anchor=\"Inhalt\" data-scroll-offset=\"0\" data-anchor-in-url=\"no\"><div class=\"su-spoiler-title\" tabindex=\"0\" role=\"button\"><span class=\"su-spoiler-icon\"><\/span>Triggerwarnungen<\/div><div class=\"su-spoiler-content su-u-clearfix su-u-trim\">Dieses Buch enth\u00e4lt Triggerwarnungen f\u00fcr sexuelle Gewalt, psychische Gewalt und Tod Angeh\u00f6riger. <\/div><\/div>\n\n\n\n<h4 class=\"has-text-align-center wp-block-heading\">Gegens\u00e4tze wie Tag &amp; Nacht<\/h4>\n\n\n\n<p>Jim ist eine sehr sanfte Seele, die viel durchgemacht hat und mit einer gewissen Verbitterung und Zur\u00fcckgezogenheit da heraus kam &#8211; er erlaubt sich selbst nur das N\u00f6tigste im Leben und k\u00e4mpft immer noch mit der emotionalen Verst\u00fcmmelung, die ihm in einer Pflegefamilie zugef\u00fcgt wurde. Aus diesem emotionalen Missbrauch hat sich eine Sprachst\u00f6rung, ein Stottern gebildet, was sein Leben zus\u00e4tzlich erschwerte, als Mitsch\u00fcler begannen ihn daf\u00fcr zu mobben. Jim hat sich dadurch sehr in sich selbst zur\u00fcckgezogen und l\u00e4sst niemanden an sich heran &#8211; bis er im Blue-Ridge-Sanatorium anf\u00e4ngt und Thea begegnet.\u00a0Besonders gemocht habe ich hier, dass nicht allein Thea f\u00fcr Jim gut ist, sondern auch ein Teil des Personals, die Jim in dem, was er tut sehr unterst\u00fctzen und ihm die Familie geben, die er nie hatte. Die Sorgfalt und Hingabe, mit denen das Personal im Sanatorium gearbeitet hat, war herzerw\u00e4rmend zu lesen und hat so viel in dem Buch ausgemacht und in Gang gesetzt. <\/p>\n\n\n\n<blockquote class=\"wp-block-quote is-style-large is-layout-flow wp-block-quote-is-layout-flow\"><p>Mein Leben war eine Reihe von Stunden, die ich aushielt, nicht lebte. Mein Lebenslicht war ged\u00e4mpft und flackerte. Aber ich konnte mich um Thea Hughes k\u00fcmmern. Das konnte ich. <\/p><cite>S. 70<\/cite><\/blockquote>\n\n\n\n<p>Es gibt einige Kapitel aus Theas Sicht, was ich sehr interessant fand, weil man einen Blick auf das Leben mit der Diagnose bekam. Ich hatte das nicht erwartet, weil ich es mir sehr schwer vorstellte, eine solche Diagnose abbilden zu k\u00f6nnen, aber Emma Scott hat das f\u00fcr mich sehr gut nachvollziehbar beschrieben. Sie merkt aber nach Ende des Buches an, dass sie sich k\u00fcnstlerische Freiheit in einigen medizinischen Aspekten erlaubt hat und das keine absolut akkurate Abbildung einer solchen Verletzung ist. Ich finde es sehr gut, dass die Autorin so die Karten auf den Tisch legt und aufkl\u00e4rt. Thea hat nur ungef\u00e4hr 5 Minuten, ehe ihr Kopf wieder das meiste l\u00f6scht, das passiert ist und f\u00e4ngt nach einem &#8222;Neustart&#8220; an immer demselben Punkt wieder an. Es gab auch einige wenige Kapitel, wo Thea gesund gezeigt wurde und dort traf man eine ganz andere Person. Sie war mir unglaublich unsympathisch &#8211; die wenigen Szenen die sie in einem gesunden Zustand zeigten, haben sie als sehr lebensfrohen Menschen mit viel Tatendrang gezeigt, aber auch sehr egozentrisch und teilweise respektlos. Thea rei\u00dft immer schlechte Witze, wenn ihr eine Situation zu ernst vorkommt, aber gerade in einigen Situationen fand ich das sehr unangemessen. Es wirkte leider oft so, als wenn sie wenig Ernst nimmt und selten an andere denkt. Thea ist der Mittelpunkt eines Raumes, wenn sie das will, <\/p>\n\n\n\n<p>Ihre Schwester Delia fand ich mindestens genauso unsympathisch, sie war unglaublich unh\u00f6flich dem Personal im Sanatorium gegen\u00fcber &#8211; allen voran nat\u00fcrlich Jim &#8211; und musste immer wieder auf ihre absolute Befehlsgewalt pochen. Wie oft dem Personal mit K\u00fcndigung durch Delia gedroht wurde kann ich gar nicht z\u00e4hlen und macht mich unglaublich w\u00fctend. Delia hat seit dem Unfall die gesetzliche Vormundschaft f\u00fcr Thea inne und kann entscheiden, welche Behandlung sie bekommt und wie das Personal mit ihr umzugehen hat. Jims Initiative gef\u00e4llt ihr gar nicht und sie unterstellt ihm immer wieder sexuelle Motive. Irgendwo verstehe ich, wo diese Furcht und Sturheit herkommt, aber Delia schie\u00dft damit mehr als einmal \u00fcber das Ziel hinaus und wurde mir im ganzen Buch nicht sympathischer. <\/p>\n\n\n\n<p>Nur ungef\u00e4hr die H\u00e4lfte des Buches wird auf die Verletzung Theas verwendet, die andere H\u00e4lfte besch\u00e4ftigt sich mit den verschiedenen Beziehungen und Machtverh\u00e4ltnissen zwischen den Figuren. Die Liebesgeschichte zwischen Thea &amp; Jim steht dabei gar nicht so sehr im Vordergrund, sondern mehr Jims Trauma und Delias Beziehung zu Thea und umgekehrt. Im Buch gibt es einige Stellen in denen die Beziehungen schwierig werden &#8211; es wird manipuliert, gelogen, Dinge zur\u00fcckgehalten, Vertrauen missbraucht. Allerdings ist das Sch\u00f6ne an diesem Buch, dass die Beziehungen nicht in Stein gemei\u00dfelt sind. So wie Thea heilen muss, m\u00fcssen auch alle anderen Beteiligten heilen und das passiert langsam, aber stetig. Ich fand sehr sch\u00f6n zu lesen, dass sich mit einiger Arbeit die Beziehungen wieder in ein ges\u00fcndere Richtung bewegt haben. <\/p>\n\n\n\n<h4 class=\"has-text-align-center wp-block-heading\">Mehr, als man denkt<\/h4>\n\n\n\n<p>Die Handlung ist in drei Abschnitte aufgeteilt. Teil eins ist vergleichsweise ruhig, das Buch spielt eigentlich nur in dem Sanatorium, wo viel vom Alltag beschrieben wird. Daf\u00fcr ist es emotional aufw\u00fchlend, weil die Frage in den Raum gestellt wird, wie viel Thea tats\u00e4chlich von ihrem t\u00e4glichen Leben mitbekommt und behalten kann &#8211; ob die Diagnose wirklich zu hundert Prozent richtig ist und ob Thea ein menschenw\u00fcrdiges Leben f\u00fchrt, wenn man sie nur so besch\u00e4ftigt, dass sie sich nicht \u201eaufregt\u201c &#8211; also eher stumpfe Besch\u00e4ftigungen, die einen gesunden Menschen schnell langweilen w\u00fcrden. <\/p>\n\n\n\n<p>Mit Teil zwei und drei hat das Buch eine Wendung genommen, die ich nicht erwartet habe und wo ich mir nicht sicher bin, ob es mir gef\u00e4llt. Es passiert einfach sehr viel mehr, als der Klappentext vermuten l\u00e4sst, Thea bekommt eine neue Chance auf Leben, die sie auch ergreift und dabei sehr selbstzerst\u00f6rerisch vorgeht. Typisch f\u00fcr ein Emma Scott Buch ist nat\u00fcrlich, dass nichts so einfach ist, wie es scheint und die Figuren hier viele R\u00fcckschl\u00e4ge einstecken m\u00fcssen. Auch die Liebesgeschichte fand ich teilweise schwierig, weil es von Null auf 100 geht und ich ein bisschen mehr Ruhe erwartet hatte. Die Liebesgeschichte lief teilweise fast zu einfach ab, balancierte auf der Grenze zu Kitsch und Klischee. Da h\u00e4tte ich auch drauf verzichten k\u00f6nnen und w\u00e4re vollauf zufrieden mit einer tragisch-bitters\u00fc\u00dfen Geschichte \u00fcber die Verletzung gewesen. <\/p>\n\n\n\n<h4 class=\"has-text-align-center wp-block-heading\">Fazit <\/h4>\n\n\n\n<p>Emma Scott erz\u00e4hl eine Geschichte \u00fcber Lebenswillen und \u00dcberleben, die alle Register zieht, wenn es um Emotionen geht. Eine Geschichte mit vielen Hochs und Tiefs \u00fcber Menschen die durcheinander wieder Kraft f\u00fcrs Leben finden.<\/p>\n\n\n\n<p class=\"has-text-align-center has-background\" style=\"background-color:#dadcdc\"><em>\u00fcbersetzt von:<\/em> Inka Marter \u2022 <em>Verlag: <\/em>LYX \u2022 <em>Seiten:<\/em> 462 \u2022 <em>Format:<\/em> Paperback, eBook, H\u00f6rbuch \u2022 <em>Preis:<\/em> 14,00\u20ac (PB); 9,99\u20ac (ePub), 13,99\u20ac (H\u00f6rbuch-Download) \u2022 <em> Erscheinungstermin:<\/em> 29. Januar 2021 \u2022 <em><a href=\"https:\/\/www.luebbe.de\/lyx\/buecher\/new-adult\/between-your-words\/id_7697276\">Link zur Verlagsseite<\/a><\/em> <\/p>\n\n\n\n<p class=\"has-text-align-right\"><strong>*Vielen Dank an die Bloggerjury und den Verlag f\u00fcr die Bereitstellung des Rezensionsexemplares.<\/strong><\/p>\n","protected":false},"excerpt":{"rendered":"<p>Dieses Buch landete sehr kurzfristig auf meiner Wunschliste, weil ich mal wieder Lust auf ein Emma-Scott-Buch hatte und den Klappentext sehr spannend fand. Au\u00dferdem ist dieses Cover mega sch\u00f6n und mich hat das suggerierte &#8222;zwischen den Zeilen lesen&#8220; des Titels nat\u00fcrlich auch sehr stark angesprochen. Also wurde das Buch bei der Bloggerjury angefragt, ich bekam [&hellip;]<\/p>\n","protected":false},"author":1,"featured_media":5740,"comment_status":"open","ping_status":"open","sticky":false,"template":"","format":"standard","meta":{"_genesis_hide_title":false,"_genesis_hide_breadcrumbs":false,"_genesis_hide_singular_image":false,"_genesis_hide_footer_widgets":false,"_genesis_custom_body_class":"","_genesis_custom_post_class":"","_genesis_layout":"","footnotes":""},"categories":[10,6],"tags":[448,446,471,100,314],"class_list":{"0":"post-5732","1":"post","2":"type-post","3":"status-publish","4":"format-standard","5":"has-post-thumbnail","7":"category-deutsche-buecher","8":"category-rezensionen","9":"tag-between-your-words","10":"tag-emma-scott","11":"tag-lyx-verlag","12":"tag-new-adult","13":"tag-romance","14":"entry"},"_links":{"self":[{"href":"https:\/\/buchundgewitter.de\/index.php?rest_route=\/wp\/v2\/posts\/5732","targetHints":{"allow":["GET"]}}],"collection":[{"href":"https:\/\/buchundgewitter.de\/index.php?rest_route=\/wp\/v2\/posts"}],"about":[{"href":"https:\/\/buchundgewitter.de\/index.php?rest_route=\/wp\/v2\/types\/post"}],"author":[{"embeddable":true,"href":"https:\/\/buchundgewitter.de\/index.php?rest_route=\/wp\/v2\/users\/1"}],"replies":[{"embeddable":true,"href":"https:\/\/buchundgewitter.de\/index.php?rest_route=%2Fwp%2Fv2%2Fcomments&post=5732"}],"version-history":[{"count":10,"href":"https:\/\/buchundgewitter.de\/index.php?rest_route=\/wp\/v2\/posts\/5732\/revisions"}],"predecessor-version":[{"id":6331,"href":"https:\/\/buchundgewitter.de\/index.php?rest_route=\/wp\/v2\/posts\/5732\/revisions\/6331"}],"wp:featuredmedia":[{"embeddable":true,"href":"https:\/\/buchundgewitter.de\/index.php?rest_route=\/wp\/v2\/media\/5740"}],"wp:attachment":[{"href":"https:\/\/buchundgewitter.de\/index.php?rest_route=%2Fwp%2Fv2%2Fmedia&parent=5732"}],"wp:term":[{"taxonomy":"category","embeddable":true,"href":"https:\/\/buchundgewitter.de\/index.php?rest_route=%2Fwp%2Fv2%2Fcategories&post=5732"},{"taxonomy":"post_tag","embeddable":true,"href":"https:\/\/buchundgewitter.de\/index.php?rest_route=%2Fwp%2Fv2%2Ftags&post=5732"}],"curies":[{"name":"wp","href":"https:\/\/api.w.org\/{rel}","templated":true}]}}