{"id":4915,"date":"2020-06-13T16:16:51","date_gmt":"2020-06-13T14:16:51","guid":{"rendered":"https:\/\/buchundgewitter.de\/?p=4915"},"modified":"2025-01-22T15:56:16","modified_gmt":"2025-01-22T14:56:16","slug":"when-we-dream-anne-paetzold","status":"publish","type":"post","link":"https:\/\/buchundgewitter.de\/?p=4915","title":{"rendered":"When We Dream von Anne P\u00e4tzold"},"content":{"rendered":"\n<div class=\"wp-block-image\"><figure class=\"aligncenter size-full\"><img loading=\"lazy\" decoding=\"async\" width=\"2560\" height=\"2048\" src=\"https:\/\/buchundgewitter.de\/wp-content\/uploads\/2020\/06\/WhenWeDream-scaled.jpg\" alt=\"\" class=\"wp-image-4951\" srcset=\"https:\/\/buchundgewitter.de\/wp-content\/uploads\/2020\/06\/WhenWeDream-scaled.jpg 2560w, https:\/\/buchundgewitter.de\/wp-content\/uploads\/2020\/06\/WhenWeDream-400x320.jpg 400w, https:\/\/buchundgewitter.de\/wp-content\/uploads\/2020\/06\/WhenWeDream-1200x960.jpg 1200w, https:\/\/buchundgewitter.de\/wp-content\/uploads\/2020\/06\/WhenWeDream-768x614.jpg 768w, https:\/\/buchundgewitter.de\/wp-content\/uploads\/2020\/06\/WhenWeDream-1536x1229.jpg 1536w, https:\/\/buchundgewitter.de\/wp-content\/uploads\/2020\/06\/WhenWeDream-2048x1638.jpg 2048w\" sizes=\"auto, (max-width: 2560px) 100vw, 2560px\" \/><\/figure><\/div>\n\n\n\n<p>Als ich die Zusage f\u00fcr dieses Rezensionsexemplar bekommen habe, habe ich Luftspr\u00fcnge gemacht und als ich es wenig sp\u00e4ter in den H\u00e4nden halten konnte, gleich nochmal. Ich habe mich in die Gestaltung und die Idee des Buches verliebt, war gewisserma\u00dfen skeptisch, weil ich mit K-Pop nichts anfangen konnte, aber gleichzeitig sehr gespannt, weil Mona Kasten es geblurbt hat. Dieses Buch hat w\u00e4hrend des Lesens eine einw\u00f6chige Recherchereise zu K-Pop ausgel\u00f6st und zugleich wundersch\u00f6ne Erinnerungen an meine FanFiktion Tage geweckt. <\/p>\n\n\n\n<h4 class=\"has-text-align-center wp-block-heading\">Zum Inhalt <\/h4>\n\n\n\n<p class=\"has-text-align-center\"><strong>Ella lebt mit ihren beiden Schwestern in Chicago und k\u00e4mpft sich durch ihr Studium. Als introvertierter B\u00fcchermensch empfindet sie die Stadt als zu voll, zu laut, zu fordernd. Entgegen ihrer kleinen Schwester Liv, verkr\u00fcmelt sie sich deswegen sehr gerne in einen unbenutzten Raum in der Konzerthalle, zu der sie ihre Schwestern begleiten muss. Nur bleibt dieser Raum nicht lange unbenutzt und Ella steht pl\u00f6tzlich Jae-yong gegen\u00fcber, der ebenfalls einen Moment Ruhe gebraucht hat. Sie freunden sich an, nur wei\u00df Ella nicht, dass Jae-yong Mitglied einer bekannten K-Pop-Gruppe ist, die gerade auf Tour in den Staaten ist.&nbsp;<\/strong><\/p>\n\n\n\n<h4 class=\"has-text-align-center wp-block-heading\">K-Pop als Thema <\/h4>\n\n\n\n<p>Ich spreche gleich mal den Elefanten im Raum an: K-Pop. Wenn ihr wie ich seid, dann hattet ihr vielleicht keine Ahnung von dieser Musikrichtung, habt nur die stetig wachsende Popularit\u00e4t in den Medien beobachtet und euch auch eingesch\u00fcchtert gef\u00fchlt von der Sprache, den Fans und dem Auftreten. Dieses Buch hat das f\u00fcr mich ge\u00e4ndert. Die Autorin hat ganz wunderbar sanft in das Thema eingef\u00fchrt. Weder Ella noch Jae-yong thematisieren K-Pop stark, aber es werden die Grundz\u00fcge erkl\u00e4rt und durch Ellas Schwester Liv bekommt man auch die Seite eines Fans zu sehen. Einige offensichtliche Dinge wie die st\u00e4ndig wechselnden Haarfarben, die koreanische Musikindustrie im Gegensatz zur amerikanischen oder der Medienrummel werden angesprochen, aber sonst geht es vorrangig um die Beziehungen der Charaktere zueinander. Wenn ihr also mal ein bisschen K-Pop-Luft schnuppern wollt, ohne \u00fcberrollt zu werden, dann sollte dieses Buch daf\u00fcr geeignet sein. <\/p>\n\n\n\n<h4 class=\"has-text-align-center wp-block-heading\">Ella &amp; Jae-yong<\/h4>\n\n\n\n<p>Was dieses Buch f\u00fcr mich aber so besonders gemacht hat, war wie die Beziehung zwischen Ella und Jae-yong. Den Anfang kannte ich gut aus diversen Fanfiktions, empfand das aber keinesfalls als negativ, weil es viele wunderbare Erinnerungen hervorgeholt hat und Anne P\u00e4tzold es meiner Meinung nach auch wesentlich besser als so einige Fanfiktion-Autor:innen damals gemacht hat. Ella und Jae-yong finden eine Gemeinsamkeit \u00fcber B\u00fccher, was so ziemlich jede:r hier nachvollziehen k\u00f6nnen sollte und auch fortan ist der Austausch \u00fcber B\u00fccher ein wichtiger Bestandteil ihrer Gespr\u00e4che. \u00dcber die Wahl der B\u00fccher l\u00e4sst sich streiten &#8211; ganz oft ist Harry Potter ein Teil davon, was etwas unoriginell wirken kann &#8211; aber die Begeisterung von beiden Seiten konnte ich gut nachvollziehen und habe im Kopf meinen eigenen Senf zu den Gespr\u00e4chen dazugegeben. Weil Jae-yong sehr viel reist, findet auch ein Gro\u00dfteil der Beziehung \u00fcber Chats statt, aber ich sage euch, diese Chats sind gro\u00dfartig. Ella ist ein wunderbar sarkastischer Mensch und ich habe so oft \u00fcber ihre Kommentare lachen m\u00fcssen. Diese Dialoge f\u00fchlten sich f\u00fcr mich wunderbar frech und echt an, so schreibe ich teilweise aus mit meinen Freund:innen. Durch diesen Kommunikationsweg entwickelt sich die Beziehung zwischen den beiden auch sehr glaubw\u00fcrdig, zuerst ist es nur eine Bekanntschaft, dann wird es zu Freundschaft und erst als sie sich nach einiger Zeit wieder treffen, merkt man die Funken zwischen ihnen. Ich rechne es dem Buch hoch an, dass es hier wirklich um die Beziehung und die Chemie zwischen den beiden Charakteren geht und es keine Insta-Love ist.  <\/p>\n\n\n\n<blockquote class=\"wp-block-quote is-style-large is-layout-flow wp-block-quote-is-layout-flow\"><p>Ich hatte dieses merkw\u00fcrdige Gef\u00fchl, das Gleichgewicht zwischen uns in eine ungesunde Richtung zu kippen, wenn ich alles \u00fcber ihn durch das Internet erfuhr.&nbsp;<\/p><cite>S. 127<\/cite><\/blockquote>\n\n\n\n<p>Einen weiteren Punkt, den ich an dem Buch liebe, ist, dass Ella sich bewusst aus Jae-yongs Ber\u00fchmtheit raush\u00e4lt. Zuerst wei\u00df sie nat\u00fcrlich nicht um seinen Status, aber sobald sie es wei\u00df trifft sie ganz bewusst die Entscheidung ihr Bild von ihm nicht durch die Narrative der Fans und Musikindustrie verzerren zu lassen. Sie will ihn als Mensch kennenlernen, nicht als den Herzensbrecher aus Seoul. So erm\u00f6glicht Ella es sich selbst und auch Jae-yong miteinander sie selbst zu sein, ihre Freundschaft und sp\u00e4tere romantische Beziehung geh\u00f6rt nur ihnen beiden und wird nicht durch ihre \u00f6ffentlichen Rollen torpediert. <\/p>\n\n\n\n<blockquote class=\"wp-block-quote is-style-large is-layout-flow wp-block-quote-is-layout-flow\"><p>\u201eIch bin auch ein Mensch\u201c, brach es aus ihm heraus. \u201eIch bin nur ein Mensch, Ella.\u201c<\/p><p><\/p><cite>S. 138<\/cite><\/blockquote>\n\n\n\n<h4 class=\"has-text-align-center wp-block-heading\">No Drama, Lama<\/h4>\n\n\n\n<p>Ein weiterer Punkt, der das Buch zu einem absoluten Wohlf\u00fchlbuch f\u00fcr mich macht, ist die unaufgeregte Handlung. Ella verbringt ihre Zeit in Chicago, wo sie zwischen Uni, Arbeit und der eigenen Wohnung wechselt und sonst ein sehr normales Stubenhocker-Leben f\u00fchrt. Chicago war durch Ellas Beschreibungen pr\u00e4sent genug, man folgt ihr in Parks, ins Museum, zu Caf\u00e8s. Ich hatte etwas bef\u00fcrchtet, dass dieses Buch auch all die negativen Punkte einer Beziehung zwischen einer &#8222;normalen Person&#8220; und einer Ber\u00fchmtheit aufgreifen k\u00f6nnte, wie fiese Schlagzeilen, Paparazzihorden, Anfeindungen von Fans etc., aber nein. Es gibt kein gro\u00dfes Drama, kein Fremdsch\u00e4men, keine Kommunikationsschwierigkeiten. Diese Beziehung geh\u00f6rt zumindest im ersten der drei B\u00e4nde nur Ella und Jae-yong.<\/p>\n\n\n\n<p>Abgesehen von Jae-yong sind auch Ellas Schwestern und ihre beste Freundin Erin sehr wichtige Figuren in diesem Buch. Die Schwestern Melanie, Ella und Liv haben eine sehr glaubw\u00fcrdige und liebenswerte Dynamik, Ella hat ihren sicheren Hafen bei ihnen und ich freue mich immer, wenn ich meine eigenen Erfahrungen mit Geschwistern in B\u00fcchern sehen. Erin, die beste Freundin, die das Buch \u00fcber auch nur \u00fcber Chat oder Videochat verf\u00fcgbar ist, weilt n\u00e4mlich gerade in Australien und das sorgt bei Ella f\u00fcr einen weiteren Konflikt: Das Bed\u00fcrfnis den eigenen Traum zu verfolgen und gleichzeitig ihre gro\u00dfe Schwester zu entlasten, die aktuell die Verantwortung f\u00fcr alles tr\u00e4gt. Die Freundschaft zwischen Erin und Ella ist ebenfalls gro\u00dfartig und glaubw\u00fcrdig, sie st\u00fctzen sich gegenseitig in schwierigen Situationen, sind manchmal schonungslos ehrlich zueinander, k\u00f6nnen sp\u00e4ter aber dar\u00fcber lachen. Ohne Erin w\u00e4hre Ella in diesem Buch versauert und ich bin gespannt wie der angerissene Handlungsstrang um Ellas W\u00fcnsche sich in den n\u00e4chsten B\u00e4nden entwickelt wird. <\/p>\n\n\n\n<blockquote class=\"wp-block-quote is-style-large is-layout-flow wp-block-quote-is-layout-flow\"><p>Gedanken mit Gedanken zu bek\u00e4mpfen, war in etwa so, wie Feuer mit Feuer l\u00f6schen zu wollen: Manchmal funktionierte es, aber meistens entstand dadurch nur ein Inferno.&nbsp;<\/p><cite>S. 210<\/cite><\/blockquote>\n\n\n\n<h4 class=\"has-text-align-center wp-block-heading\">Let&#8217;s talk Rascism<\/h4>\n\n\n\n<p>Eine Sache m\u00f6chte ich noch ansprechen: Es gibt im Buch eine Stelle, die mir etwas negativ aufgesto\u00dfen ist, n\u00e4mlich das erste Gespr\u00e4ch zwischen Ella und Jae-yong. Gerade mit Blick auf die Infos zu Rassismus, die in den letzten Wochen in den sozialen Medien so pr\u00e4sent waren, kann ich dieses erste Treffen nicht guten Gewissens unter den Tisch fallen lassen. Ella begegnet Jae-yong als er gerade auf koreanisch telefoniert und abgesehen von seinen offensichtlichen asiatischen Wurzeln, ist das die Grundlage warum sie sich ihm gegen\u00fcber folgenderma\u00dfen verh\u00e4lt: Sie spricht sehr langsam und deutlich auf Englisch zu ihm und deutet dabei auch noch ihre Handlungsabsicht &#8211; den Raum verlassen zu wollen &#8211; mit Gestik an. Sie geht selbstverst\u00e4ndlich davon aus, dass er kein Englisch spricht. Ich bin mir nicht ganz sicher, wie ich diese Handlung bewerten soll, einerseits hat Ella ja eine Grundlage f\u00fcr ihre Annahme, er sprach eine Fremdsprache f\u00fcr sie, andererseits ist Zweisprachigkeit keine Seltenheit. Es wird f\u00fcr den Leser nat\u00fcrlich klar, dass Ella keine b\u00f6se Absicht hat, aber diese Situation fand ich schon heikel. Jae-yong spricht das auch gleich sehr direkt an und weist sie auf ihr Verhalten hin, was ich wiederum Gro\u00dfartig fand. Eine Freundin hat auch angemerkt, dass sie Ellas Verhalten als sehr ignorant empfunden hat. Ella hat sich nicht sehr detailliert mit Korea, der Kultur oder der Musikindustrie auseinander gesetzt, sondern nur Infos von Jae-yong selber oder ihrer kleinen Schwester Liv bekommen. Mich hat das pers\u00f6nlich nicht gest\u00f6rt, aber vielleicht spricht da auch mein wei\u00dfes Privileg aus mir. Allerdings hat das Buch mich selber dazu gebracht mehr \u00fcber das Land und seine Sitten lernen zu wollen, was ich teilweise auch neben dem Lesen gleich getan habe.<\/p>\n\n\n\n<h4 class=\"has-text-align-center wp-block-heading\">Fazit<\/h4>\n\n\n\n<p><em>When We Dream<\/em> hat meine Erwartungen weit \u00fcbertroffen und besticht vor allem durch seine ehrlichen, lustigen Gespr\u00e4che zwischen den Figuren und wunderbaren Dynamiken. Das Buch bringt ein neues Thema auf den deutschen Markt und endlich mal kein wei\u00dfes Love-Interest mehr. Ich freue mich schon sehr auf den zweiten Band.<\/p>\n\n\n\n<h5 class=\"wp-block-heading\">When We Dream<\/h5>\n\n\n\n<p class=\"has-background has-text-align-center has-very-light-gray-background-color\"><em>Verlag:<\/em> LYX \u2022 <em>Seiten:<\/em> 408 \u2022 <em>Format:<\/em> Taschenbuch mit Klappenbroschur, eBook, H\u00f6rbuch \u2022 <em>Preis:<\/em> 12,90\u20ac (TB);  9,99\u20ac (ePub); 13,99\u20ac (H\u00f6rbuch-Download) \u2022 <em>Erscheinungstermin: 30. April 2020 \u2022 <a rel=\"noreferrer noopener\" href=\"https:\/\/www.luebbe.de\/lyx\/buecher\/new-adult\/when-we-dream\/id_7726644\" target=\"_blank\">Link zur Verlagsseite<\/a><\/em><\/p>\n\n\n\n<p class=\"has-text-align-right\"><strong>*Danke an den Verlag und die Bloggerjury f\u00fcr die Bereitstellung des Rezensionsexemplares.<\/strong><\/p>\n","protected":false},"excerpt":{"rendered":"<p>Als ich die Zusage f\u00fcr dieses Rezensionsexemplar bekommen habe, habe ich Luftspr\u00fcnge gemacht und als ich es wenig sp\u00e4ter in den H\u00e4nden halten konnte, gleich nochmal. Ich habe mich in die Gestaltung und die Idee des Buches verliebt, war gewisserma\u00dfen skeptisch, weil ich mit K-Pop nichts anfangen konnte, aber gleichzeitig sehr gespannt, weil Mona Kasten [&hellip;]<\/p>\n","protected":false},"author":1,"featured_media":4951,"comment_status":"open","ping_status":"open","sticky":false,"template":"","format":"standard","meta":{"_genesis_hide_title":false,"_genesis_hide_breadcrumbs":false,"_genesis_hide_singular_image":false,"_genesis_hide_footer_widgets":false,"_genesis_custom_body_class":"","_genesis_custom_post_class":"","_genesis_layout":"","footnotes":""},"categories":[10,6],"tags":[501,471,447,592],"class_list":{"0":"post-4915","1":"post","2":"type-post","3":"status-publish","4":"format-standard","5":"has-post-thumbnail","7":"category-deutsche-buecher","8":"category-rezensionen","9":"tag-anne-paetzold","10":"tag-lyx-verlag","11":"tag-new-adult-romance","12":"tag-when-we-dream","13":"entry"},"_links":{"self":[{"href":"https:\/\/buchundgewitter.de\/index.php?rest_route=\/wp\/v2\/posts\/4915","targetHints":{"allow":["GET"]}}],"collection":[{"href":"https:\/\/buchundgewitter.de\/index.php?rest_route=\/wp\/v2\/posts"}],"about":[{"href":"https:\/\/buchundgewitter.de\/index.php?rest_route=\/wp\/v2\/types\/post"}],"author":[{"embeddable":true,"href":"https:\/\/buchundgewitter.de\/index.php?rest_route=\/wp\/v2\/users\/1"}],"replies":[{"embeddable":true,"href":"https:\/\/buchundgewitter.de\/index.php?rest_route=%2Fwp%2Fv2%2Fcomments&post=4915"}],"version-history":[{"count":10,"href":"https:\/\/buchundgewitter.de\/index.php?rest_route=\/wp\/v2\/posts\/4915\/revisions"}],"predecessor-version":[{"id":6350,"href":"https:\/\/buchundgewitter.de\/index.php?rest_route=\/wp\/v2\/posts\/4915\/revisions\/6350"}],"wp:featuredmedia":[{"embeddable":true,"href":"https:\/\/buchundgewitter.de\/index.php?rest_route=\/wp\/v2\/media\/4951"}],"wp:attachment":[{"href":"https:\/\/buchundgewitter.de\/index.php?rest_route=%2Fwp%2Fv2%2Fmedia&parent=4915"}],"wp:term":[{"taxonomy":"category","embeddable":true,"href":"https:\/\/buchundgewitter.de\/index.php?rest_route=%2Fwp%2Fv2%2Fcategories&post=4915"},{"taxonomy":"post_tag","embeddable":true,"href":"https:\/\/buchundgewitter.de\/index.php?rest_route=%2Fwp%2Fv2%2Ftags&post=4915"}],"curies":[{"name":"wp","href":"https:\/\/api.w.org\/{rel}","templated":true}]}}