{"id":3658,"date":"2019-08-23T08:00:02","date_gmt":"2019-08-23T06:00:02","guid":{"rendered":"https:\/\/buchundgewitter.de\/?p=3658"},"modified":"2019-11-10T09:47:04","modified_gmt":"2019-11-10T08:47:04","slug":"omg-diese-aisling-von-sarah-breen-emer-mclysaght","status":"publish","type":"post","link":"https:\/\/buchundgewitter.de\/?p=3658","title":{"rendered":"OMG, diese Aisling!\u2502Sarah Breen &#038; Emer McLysaght"},"content":{"rendered":"\n<div class=\"wp-block-image\"><figure class=\"aligncenter\"><img loading=\"lazy\" decoding=\"async\" width=\"4032\" height=\"3024\" src=\"https:\/\/buchundgewitter.de\/wp-content\/uploads\/2019\/08\/983810ac-f695-41a9-866e-a5b81a8098c7.jpg\" alt=\"\" class=\"wp-image-3668\" srcset=\"https:\/\/buchundgewitter.de\/wp-content\/uploads\/2019\/08\/983810ac-f695-41a9-866e-a5b81a8098c7.jpg 4032w, https:\/\/buchundgewitter.de\/wp-content\/uploads\/2019\/08\/983810ac-f695-41a9-866e-a5b81a8098c7-300x225.jpg 300w, https:\/\/buchundgewitter.de\/wp-content\/uploads\/2019\/08\/983810ac-f695-41a9-866e-a5b81a8098c7-768x576.jpg 768w, https:\/\/buchundgewitter.de\/wp-content\/uploads\/2019\/08\/983810ac-f695-41a9-866e-a5b81a8098c7-700x525.jpg 700w\" sizes=\"auto, (max-width: 4032px) 100vw, 4032px\" \/><figcaption>*Rezensionsexemplar<\/figcaption><\/figure><\/div>\n\n\n\n<p>Wahrscheinlich hat so ziemlich jeder Buchblogger auf Instagram Anabelle Stehls Liebe zu Irland mitbekommen. Kein Wunder also, dass ich an dem Leseprobengewinnspiel teil nahm, als sie begann dieses Buch zu bewerben. \u00dcber eine Social Media Aktion kam ich an mein Rezensionsexemplar und freute mich ein neues Buch aus dem bold-Verlag lesen zu d\u00fcrfen. Da die Aktion noch einen weiteren Bonus hatte &#8211; n\u00e4mlich, das Buch an eine Freundin schicken zu lassen -, konnte ich es zusammen mit Katharina (@<a href=\"https:\/\/traumrealistin.de\/\">traumrealistin<\/a>) lesen, als ich in Greifswald war, was einfach die beste Art ist ein Buch zu lesen. Der Austausch zur Handlung und den Figuren macht einfach so viel mehr Spa\u00df, wenn man sich gegen\u00fcber sitzt und nicht erst zum Handy greifen muss. <\/p>\n\n\n\n<h4 class=\"wp-block-heading\" style=\"text-align:center\">Darum gehts <\/h4>\n\n\n\n<p style=\"text-align:center\"><strong>Aisling ist 28, hat einen Job, den sie nicht hasst, einen Freund, eine tolle Familie und trotzdem f\u00fchlt sich ihr Leben an, als ob es stagniert. Um sie herum beginnen Paare zu heiraten und John, ihr Freund, scheint keinerlei Absichten in diese Richtung zu haben. Spitze Kommentare von Kollegen und zu viel Verst\u00e4ndnis oder Mutzusprechungen von Freunden animieren Aisling schlie\u00dflich John zu einem spontanen Urlaub zu \u00fcberreden. In dem er hoffentlich den Wink mit dem Zaunpfahl versteht. Aber es l\u00e4uft anders als geplant und pl\u00f6tzlich ist Aisling wieder single und zieht in eine WG in Dublin ein. <\/strong><\/p>\n\n\n\n<h4 class=\"wp-block-heading\" style=\"text-align:center\">Meine Meinung <\/h4>\n\n\n\n<p>Das wohl wichtigste zuerst: Aisling wird wie \u00c4schling ausgesprochen. Iren haben einfach die merkw\u00fcrdigsten phonologischen Regeln und meine innere Linguistin w\u00fcrde zu gerne mal in eines ihrer phonologischen Seminare reingucken, aber das wird so schnell nicht passieren. Deswegen kann ich dieses Video, wo eine Irin g\u00e4ngige irische Namen vorspricht, sehr empfehlen. Denn Aisling ist nicht der einzige komplizierte Name in diesem Buch. (Ich sage nur: Sadhbh.) <\/p>\n\n\n<div class=\"su-youtube su-u-responsive-media-yes\"><iframe loading=\"lazy\" width=\"600\" height=\"400\" src=\"https:\/\/www.youtube.com\/embed\/0RFA1X1V-go?\" frameborder=\"0\" allowfullscreen allow=\"autoplay; encrypted-media; picture-in-picture\" title=\"\"><\/iframe><\/div>\n\n\n\n<p>Ich hatte mir von diesem Buch eigentlich genau das versprochen, was ich auch bekommen habe: Einen unterhaltsamen Roman \u00fcber eine Altersgruppe, in die ich gerade nicht passe. Mein Motto diesen Sommer ist irgendwie, die Probleme meiner Altersklasse zu verdr\u00e4ngen und Romane zu lesen, wo die Figuren entweder etwas j\u00fcnger oder etwas \u00e4lter sind, als ich. Aisling passt da genau ins Schema, denn sie hat bereits einen Job, will Heiraten und einen Familie gr\u00fcnden. <\/p>\n\n\n\n<blockquote class=\"wp-block-quote is-style-large is-layout-flow wp-block-quote-is-layout-flow\"><p>Warum benutzen sie in Aufz\u00fcgen dasselbe Licht wie im Supermarkt an der Fleischtheke? Ich sehe aus wie ein H\u00fchnerschenkel, kurz bevor er schlecht wird, bleich und runzlig und traurig. <\/p><cite>OMG, diese Aisling! <\/cite><\/blockquote>\n\n\n\n<p>Das Problem mit Aisling war, dass sie eine Menge wei\u00df und erz\u00e4hlt. Sie ist eine sehr pr\u00e4sente Protagonistin, kann zu jeder Figur eine Geschichte erz\u00e4hlen, hat eine Meinung dazu und oftmals auch witzige, aber fiese Kommentare dazu. Gest\u00f6rt hat mich da besonders, dass sie den Begriff Saftschubse verwendet hat und von der Offenbarung eines homosexuellen P\u00e4rchens soo \u00fcberrascht war. Und dann einen Kommentar \u00fcber ihr Aussehen hinterher geschoben hat, und das man ihnen ihre Homosexualit\u00e4t nicht ansehen kann. Diese Gedanken gr\u00fcnden auf ihrer etwas naiven und weltfremden Einstellung, de facto wei\u00df sie es nicht besser, aber gefallen hat es mir dennoch nicht. Aisling erz\u00e4hlt so viel \u00fcber ihre Mitmenschen, dass ich teilweise mehr \u00fcber ihre Arbeitskollegen wei\u00df, als \u00fcber sie. Der Erz\u00e4hlstil lenkt \u00f6fter von der Handlung um Aisling ab und hebt Nebenfiguren in den Vordergrund, zudem vergleicht sich Aisling auch oft mit ihren Mitmenschen, was selten ein positives Gef\u00fchl hinterlassen hat. Sie umsorgt Menschen dennoch gerne, ist auf alle Eventualit\u00e4ten vorbereitet (Ich will gar nicht wissen, wie riesig ihre Handtasche deswegen sein muss.) und passt deswegen wohl perfekt in ein irisches Klischee rein. Aisling macht sich unglaublich viele Gedanken \u00fcber alles, was auch dazu f\u00fchrt, dass sie manchmal \u00fcberreagiert, weil ihr zu viele M\u00f6glichkeiten und Ideen durch den Kopf schie\u00dfen. Beispielsweise ist ihre Kommunikation mit John deswegen sehr eingeschr\u00e4nkt, sie erwartet Dinge von ihm, die sie nie klar und laut ausgesprochen hat und ist dann sauer, wenn er keine Gedanken lesen kann.<\/p>\n\n\n\n<p>Die versprochene Handlung tritt auch eher sp\u00e4t ein, man lernt erstmal eine Menge \u00fcber Aislings und Johns Beziehung und Aislings Leben allgemein, bis sie sich entscheidet eine Ver\u00e4nderung vorzunehmen. Da war der Klappentext etwas irref\u00fchrend und gro\u00dfe \u00dcberraschungsmomente kamen nicht mehr auf. <\/p>\n\n\n\n<p>Was mir an dem Buch wirklich unglaublich gut gefallen hat, ist das Lebensgef\u00fchl, das transportiert wurde. Die Landschaft war toll beschrieben, ich hatte nicht das Gef\u00fchl, das etwas besch\u00f6nigt wurde. Die abendlichen Pub-Treffen haben Spa\u00df gemacht, die Atmosph\u00e4re in einem Pub ist so unangestrengt und heimelig, das ich immer gerne davon gelesen habe. Auch die etwas rudiment\u00e4ren Methoden des Landlebens waren spannend und witzig, ich komme zwar selber aus einem 300 Seelen Dorf, aber das war nochmal ein anderes Kaliber. <\/p>\n\n\n\n<p>Im Laufe des Buches r\u00fcckte die Handlung um Aisling manchmal in den Hintergrund, weil so viel \u00fcber Nebenhandlungen erz\u00e4hlt wurde. Diese Nebenhandlungen war gut gemacht und boten ein gewisse Tiefe, aber ich war mir nicht immer sicher, wie das jetzt in das Gesamtbild einzuordnen ist. Denn es gab, wie ich fand, nur eine sehr kleine und schleichende Entwicklung in diesem Buch. Aisling lernt vieles kennen und muss einige Dinge aus anderen Blickwinkeln betrachten, aber der Prozess des \u00dcberdenkens geht bei ihr sehr langsam von statten. Am Ende des Romans hatte ich das Gef\u00fchl, dass wir ihre Charakterentwicklung gerade erst angekratzt haben und da noch eine Menge passieren wird. Nur eben in den folgenden B\u00fcchern. Denn die Geschichte um Aisling geht &#8211; zumindest auf Englisch &#8211; noch mit einem zweiten und dritten Band weiter. <\/p>\n\n\n\n<blockquote class=\"wp-block-quote is-style-large is-layout-flow wp-block-quote-is-layout-flow\"><p>Es wird Zeit, dass ich meine eigenen Entscheidungen treffe, dass ich mein Schicksal selbst lenke, dass ich herausfinde, was ich will &#8211; f\u00fcr mich selbst und nicht f\u00fcr jemand anderen.<\/p><cite>OMG, diese Aisling!<\/cite><\/blockquote>\n\n\n\n<p>Nun spielt das Buch wohl mit irischen Klischees. Mein Problem war aber, das ich wirklich nicht viel \u00fcber irische Klischees wusste und es somit schwer ersichtlich war, ob Aisling einfach nur Aisling war oder da gerade ein Klischee verarbeitet und auf die Schippe genommen wurde. Es las sich wie ein Buch von Iren f\u00fcr Iren, aber als Au\u00dfenstehender hat man eben keine Ahnung davon. Und dann war ich mir nie sicher, ob ich \u00fcber Aisling jetzt lachen soll, oder sie lieb finden. Es war ein merkw\u00fcrdiger Unterton in diesem Buch, wo Aisling fast l\u00e4cherlich gemacht wurde, was mir sinnlos und gemein erschien.<\/p>\n\n\n\n<p>Obwohl ich das Bed\u00fcrfnis nach einem solchen Buch hatte, denke ich, dass ich mit meinen 21 Jahren noch nicht zur perfekten Zielgruppe geh\u00f6re. Es geht in diesem Buch um Dinge wie Selbstverwirklichung, nur auf einer sehr viel kleineren Ebene, als beispielsweise in einem New Adult Roman. Aisling muss in ihrem vornehmlichen Traumleben ihren Platz finden und realisieren, dass sie eventuell kleine \u00c4nderungen an ihrem Traum vornehmen muss und das sie es sein muss, die das tut. Das ist an sich eine gute und wichtige Botschaft und die kleinen Unabh\u00e4ngigkeiten, die sie sich erk\u00e4mpft, sind toll. Dennoch habe ich mich ein bisschen verloren gef\u00fchlt und konnte zu ihr nicht die Bindung aufbauen, die ich mir erhoffte. <\/p>\n\n\n\n<h5 class=\"wp-block-heading\">OMG, diese Aisling! <\/h5>\n\n\n\n<p style=\"text-align:center\" class=\"has-background has-very-light-gray-background-color\"><em>\u00fcbersetzt von: <\/em>Barbara K\u00f6nig | <em>Seiten:<\/em> 332 | <em>Verlag:<\/em> bold | <em>Format:<\/em> Taschenbuch mit Klappenbroschur, eBook | <em>Preis: <\/em>14,90\u20ac (TB); 12,99\u20ac (ePub) | <em>Erscheinungstermin: <\/em>23. August 2019 | <a href=\"https:\/\/www.readbold.de\/buecher\/omg-diese-aisling\/\">Link zur Verlagsseite<\/a><\/p>\n\n\n\n<p>*<strong>Vielen Dank an den Verlag f\u00fcr das Rezensionsexemplar! <\/strong><\/p>\n\n\n\n<h5 class=\"wp-block-heading\" style=\"text-align:center\">Weitere Rezensionen: <\/h5>\n\n\n\n<p style=\"text-align:center\"><a href=\"https:\/\/stehlblueten.de\/2019\/08\/omg-diese-aisling-sarah-breen-emer-mylysaght\/\">Stehlbl\u00fcten<\/a> | <a href=\"https:\/\/traumrealistin.de\/2019\/08\/23\/rezension-omg-diese-aisling-sarah-breen-emer-mclysaght\/\">Traumrealistin<\/a><\/p>\n","protected":false},"excerpt":{"rendered":"<p>Wahrscheinlich hat so ziemlich jeder Buchblogger auf Instagram Anabelle Stehls Liebe zu Irland mitbekommen. Kein Wunder also, dass ich an dem Leseprobengewinnspiel teil nahm, als sie begann dieses Buch zu bewerben. \u00dcber eine Social Media Aktion kam ich an mein Rezensionsexemplar und freute mich ein neues Buch aus dem bold-Verlag lesen zu d\u00fcrfen. Da die [&hellip;]<\/p>\n","protected":false},"author":1,"featured_media":3668,"comment_status":"open","ping_status":"open","sticky":false,"template":"","format":"standard","meta":{"_genesis_hide_title":false,"_genesis_hide_breadcrumbs":false,"_genesis_hide_singular_image":false,"_genesis_hide_footer_widgets":false,"_genesis_custom_body_class":"","_genesis_custom_post_class":"","_genesis_layout":"","footnotes":""},"categories":[10,6],"tags":[214,215,212,213],"class_list":{"0":"post-3658","1":"post","2":"type-post","3":"status-publish","4":"format-standard","5":"has-post-thumbnail","7":"category-deutsche-buecher","8":"category-rezensionen","9":"tag-diese-aisling","10":"tag-irland","11":"tag-omg","12":"tag-omg-diese-aisling","13":"entry"},"_links":{"self":[{"href":"https:\/\/buchundgewitter.de\/index.php?rest_route=\/wp\/v2\/posts\/3658","targetHints":{"allow":["GET"]}}],"collection":[{"href":"https:\/\/buchundgewitter.de\/index.php?rest_route=\/wp\/v2\/posts"}],"about":[{"href":"https:\/\/buchundgewitter.de\/index.php?rest_route=\/wp\/v2\/types\/post"}],"author":[{"embeddable":true,"href":"https:\/\/buchundgewitter.de\/index.php?rest_route=\/wp\/v2\/users\/1"}],"replies":[{"embeddable":true,"href":"https:\/\/buchundgewitter.de\/index.php?rest_route=%2Fwp%2Fv2%2Fcomments&post=3658"}],"version-history":[{"count":10,"href":"https:\/\/buchundgewitter.de\/index.php?rest_route=\/wp\/v2\/posts\/3658\/revisions"}],"predecessor-version":[{"id":4100,"href":"https:\/\/buchundgewitter.de\/index.php?rest_route=\/wp\/v2\/posts\/3658\/revisions\/4100"}],"wp:featuredmedia":[{"embeddable":true,"href":"https:\/\/buchundgewitter.de\/index.php?rest_route=\/wp\/v2\/media\/3668"}],"wp:attachment":[{"href":"https:\/\/buchundgewitter.de\/index.php?rest_route=%2Fwp%2Fv2%2Fmedia&parent=3658"}],"wp:term":[{"taxonomy":"category","embeddable":true,"href":"https:\/\/buchundgewitter.de\/index.php?rest_route=%2Fwp%2Fv2%2Fcategories&post=3658"},{"taxonomy":"post_tag","embeddable":true,"href":"https:\/\/buchundgewitter.de\/index.php?rest_route=%2Fwp%2Fv2%2Ftags&post=3658"}],"curies":[{"name":"wp","href":"https:\/\/api.w.org\/{rel}","templated":true}]}}