{"id":3155,"date":"2019-03-13T11:28:20","date_gmt":"2019-03-13T10:28:20","guid":{"rendered":"https:\/\/buchundgewitter.de\/?p=3155"},"modified":"2026-02-19T20:57:48","modified_gmt":"2026-02-19T19:57:48","slug":"februargeschichten","status":"publish","type":"post","link":"https:\/\/buchundgewitter.de\/?p=3155","title":{"rendered":"Februargeschichten"},"content":{"rendered":"\n<div class=\"wp-block-image\"><figure class=\"aligncenter\"><img loading=\"lazy\" decoding=\"async\" width=\"4032\" height=\"3024\" src=\"https:\/\/buchundgewitter.de\/wp-content\/uploads\/2019\/03\/45793171-1efa-49f7-8f49-f49cc6f56e4f.jpg\" alt=\"\" class=\"wp-image-3161\" srcset=\"https:\/\/buchundgewitter.de\/wp-content\/uploads\/2019\/03\/45793171-1efa-49f7-8f49-f49cc6f56e4f.jpg 4032w, https:\/\/buchundgewitter.de\/wp-content\/uploads\/2019\/03\/45793171-1efa-49f7-8f49-f49cc6f56e4f-300x225.jpg 300w, https:\/\/buchundgewitter.de\/wp-content\/uploads\/2019\/03\/45793171-1efa-49f7-8f49-f49cc6f56e4f-768x576.jpg 768w, https:\/\/buchundgewitter.de\/wp-content\/uploads\/2019\/03\/45793171-1efa-49f7-8f49-f49cc6f56e4f-700x525.jpg 700w\" sizes=\"auto, (max-width: 4032px) 100vw, 4032px\" \/><\/figure><\/div>\n\n\n\n<p class=\"has-drop-cap\">Ich kann noch nicht so ganz fassen, dass es schon M\u00e4rz ist, weil die Deadline meiner Hausarbeit n\u00e4her r\u00fcckt und WO BITTE IST DER FEBRUAR HIN? Diese letzten 4 Tage merkt man richtig, oder? Nach meinen Pr\u00fcfungen habe ich jedenfalls versucht, das meiste aus den restlichen 2 Wochen raus zu holen und das hat &#8230; eh, funktioniert? Alles, was ich im Januar nicht gucken\/lesen konnte wurde pl\u00f6tzlich in den Februar gestopft, weswegen dieser Monatsr\u00fcckblick etwas l\u00e4nger werden wird. Nur so zur Warnung. <\/p>\n\n\n\n<h4 class=\"wp-block-heading\" style=\"text-align:center\">&#8211; Gelesen &#8211;<\/h4>\n\n\n\n<p><strong>The mermaids voice returns in this one<\/strong> &#8211; Amanda Lovelace<\/p>\n\n\n\n<p>Irgendwie schaffe ich es mal noch zu dieser Poetry-Sammlung eine Rezension zu schreiben, denn sie ist fantastisch. Amanda Lovelace hat bereits zwei vorhergehende B\u00fccher in diesem Stil ver\u00f6ffentlicht (the princess safes herself in this one &amp; the witch doesn&#8217;t burn in this one), die zusammen einen Kreis bilden, der sich mit Missbrauch, Unterdr\u00fcckung und Selbstwertgef\u00fchl besch\u00e4ftigen. Ich war nie ein gro\u00dfer Fan von Gedichten oder Poesie, aber dieses Buch war fantastisch. Amanda Lovelace dr\u00fcckt den Gedichten ihren eigenen Stempel auf, hat eine starke Stimme und Botschaft und mich damit tief beeindruckt. <\/p>\n\n\n\n<p><strong>The Secret Diary of Lizzie Bennet<\/strong> &#8211; Bernie Su &amp; Kate Rorick <\/p>\n\n\n\n<p>Meine The-Lizzie-Bennet-Diaires-Obsession hat auch im Februar nicht abgerissen und ich musste einfach das begleitende Buch zur Serie lesen. Es gibt einen tieferen Einblick in Lizzies Gef\u00fchlswelt, zeigt ihr Leben ohne die Kamera und hat meine Neugier auf Darcy gestillt. Wer die YT-Serie mag, wird mit diesem Buch viel Spa\u00df haben. <\/p>\n\n\n\n<p><strong>Prophet der sechs Provinzen<\/strong> &#8211; Robin Hobb<\/p>\n\n\n\n<p>Zu diesem Buch habe ich bereits <a href=\"https:\/\/buchundgewitter.de\/2019\/02\/27\/prophet-der-sechs-provinzen-von-robin-hobb\/\">meine Rezension gepostet<\/a>, und auch, wenn es nicht das war, was ich erwartet hatte, konnte mich die Autorin erneut von ihrer Welt \u00fcberzeugen. Ich habe ein bisschen gebraucht um dieses Buch zu lesen, habe aber jede Seite genossen und \u00fcberlege jetzt, auch die englischen B\u00fccher der Reihe zu lesen, weil die (noch) nicht ins Deutsche \u00fcbersetzt wurden und ich nicht wei\u00df, ob das noch passieren wird. <\/p>\n\n\n\n<p><strong>Bloodwitch<\/strong> &#8211; Susan Dennard<\/p>\n\n\n\n<p>Hach &#8230; Dieses Buch hat mich f\u00fcr einige Tage alles um mich herum vergessen lassen. Es war so fantastisch, spannungsgeladen, beeindruckend, voller badass Figuren und Zitate, dass ich es gar nicht richtig in Worte fassen kann. Buch 4 der Witchlandsreihe hat mich in meiner Liebe best\u00e4rkt,   nicht entt\u00e4uscht und WAR SO GRANDIOS. Ich habe es schon mal in einem Instagrampost geschrieben und ist vielleicht ein doofes Kompliment, aber <em>Bloodwitch<\/em> ist, was <em>Throne of Glass<\/em> h\u00e4tte sein k\u00f6nnen. Ich mag ToG so wie es ist, aber mein nerdige-weltenbauverliebte Seite muss die Witchlands einfach den Sarah J. Maas B\u00fcchern vorziehen. Bitte, lest diese Reihe. <\/p>\n\n\n\n<p><strong>Strange and Ever After<\/strong> &#8211; Susan Dennard<\/p>\n\n\n\n<p>Weil ein Susan-Buch nicht genug ist, habe ich endlich ihre Deb\u00fctreihe beendet. Die <em>Something Strange and Deadly<\/em>-Trilogie besch\u00e4ftigt sich mit Zombies, Nekromantik und hat deutliche Steampunk-Elemente und ich mag das ganz gerne. Obwohl einige Klischees in diesen YA-B\u00fcchern drin stecken hatte ich meinen Spa\u00df und war vom Ende sehr geschockt und beeindruckt. Ich liebe Susan f\u00fcr ihren Mut, sie hat getan, was weder Cassandra Clare noch Sarah J. Maas \u00fcber sich bringen. (Ich wei\u00df, das verr\u00e4t recht viel.) <\/p>\n\n\n\n<p><strong>Ein wirklich erstaunliches Ding<\/strong> &#8211; Hank Green<\/p>\n\n\n\n<p>Ein Buch, dass aus dem Februar nicht wegzudenken ist. Das neue dtv-Imprint bold hat keine Kosten und M\u00fchen gescheut, um dieses Buch unter die Leute zu bringen und ich war &#8211; v\u00f6llig unerwartet &#8211; eine der Blogger*innen, die sie dabei unterst\u00fctzen durften. Ich mochte das Buch f\u00fcr seine Themen und Umsetzung, konnte Hauptfigur April May aber gar nicht ausstehen. <a href=\"https:\/\/buchundgewitter.de\/2019\/02\/28\/ein-wirklich-erstaunliches-ding-von-hank-green\/\">Mehr dazu in der Rezension. <\/a><\/p>\n\n\n\n<p><strong>Someone New<\/strong> &#8211; Laura Kneidl<\/p>\n\n\n\n<p>Vielleicht haben sich ein paar aufmerksame Leser*innen schon gefragt, warum zu diesem Buch noch nichts auf meinem Blog kam. Das hat zwei Gr\u00fcnde: a) ich habe es erst recht sp\u00e4t gelesen und b) mochte es gar nicht. Eine dritte, eher negative Rezension zu einem Laura Kneidl Buch braucht dieser Blog wirklich nicht, zumal ich meine Eindr\u00fccke nicht halb so gut zusammenfassen k\u00f6nnte, wie beispielsweise <a href=\"https:\/\/stuermischeseiten.de\/2019\/03\/12\/repraesentation-laura-kneidls-someone-new-ein-uebergreifendes-problem\/\">Katriona von St\u00fcrmische Seiten<\/a> oder <a href=\"https:\/\/zeilenwanderer.de\/laura-kneidl-someone-new\/\">Janika von Zeilenwanderer<\/a>. Ich bin einfach nur entt\u00e4uscht und denke, dass man viel mehr mit der Thematik h\u00e4tte manchen k\u00f6nnen und vieles falsch angegangen wurde.  <\/p>\n\n\n\n<h4 class=\"wp-block-heading\" style=\"text-align:center\">&#8211; Geschaut &#8211;<\/h4>\n\n\n\n<p><strong>The  Expanse (Staffel 1) <\/strong>&#8211; Amazon Prime <\/p>\n\n\n\n<p>Ich hatte eine Sci-Fi-Phase und wollte irgendwas im Weltraum spielendes, dass nicht Star Trek oder Star Wars war. Also diese Serie. Basierend auf einer Romanvorlage (&#8222;Leviathan erwacht&#8220;) zeigt es eine Zukunft, wo Mars besiedelt, aber im kalten Krieg mit der Erde steht und nat\u00fcrlich ger\u00e4t jemand dazwischen. Und dann gibt es da noch diese andere Lebensform, die sehr eklig ist. Es hat mich an die Illuminae Akten erinnert (auf Gute wie schlechte Art) und war definitiv spannend, aber mit Staffel 2 lasse ich mir noch Zeit, weil pfui. Au\u00dferdem muss ich immer noch mit den Synchronstimmen von Finn und Clarke aus &#8222;The 100&#8220; klar kommen, das wirft mich immer wieder aus der Bahn.  <\/p>\n\n\n\n<p><strong>Divergent <\/strong>&#8211; Amazon Prime <\/p>\n\n\n\n<p>Ich hatte Lust auf Drama? Ein paar Tage lang war ich in einer tiefen YA-Phase versunken und habe B\u00fccher, Filme und YT-Videos dazu konsumiert. Ich mochte Divergent schon immer und weil die B\u00fccher gerade nicht greifbar waren, mussten die Verfilmungen her halten. Ich wei\u00df jetzt, dass ich Theo James als Four nicht mag, die Idee aber immer noch liebe und m\u00f6chte mehr denn je selber durch meine Angstlandschaft gehen. (Ich kann vielleicht ein oder zwei \u00c4ngste benennen, aber sonst nicht. Und irgendwie w\u00fcrde ich gerne wissen, wovor ich Angst habe.) <\/p>\n\n\n\n<p><strong>Insurgent <\/strong>&#8211; Amazon Prime<\/p>\n\n\n\n<p>Man kann ja nicht einfach aufh\u00f6ren, oder? Da die Filme hier von den B\u00fcchern abweichen war es gleichzeitig interessant, wie sinnlos, wie \u00c4nderungen zu sehen. Ich bin auch jetzt noch von dem Film so semi-beeindruckt, unterw\u00e4ltigt, k\u00f6nnte man sagen. Mir fehlte einfach das, was ich an dem Buch mochte (die neuen Figuren und Freunde, das bisschen Unbeschwertheit und der Einblick in Tris Kopf.) <\/p>\n\n\n\n<p><strong>Allegiant<\/strong> &#8211; Amazon Prime <\/p>\n\n\n\n<p> Weird. Merkw\u00fcrdig, aber wohl mit einem etwas verkraftbareren Ende, als das Buch. (Ich mochte das Ende vom Buch!). Irgendwie bin ich ganz froh, dass sie Ascendant (?) nicht gedreht haben, denn so gibt es wenigstens die Illusion eines guten Endes und das sch\u00e4tze ich. Und ich habe ewig gebraucht, bis ich den Assistenten vom B\u00f6sewicht als Skarsgard-Bruder enttarnt habe und habe genauso lange an der Nita-Schauspielerin geknabbert, die in &#8222;The 100&#8220; Luna spielt. <\/p>\n\n\n\n<p><strong>Spieglein, Spieglein<\/strong> &#8211; Amazon Prime<\/p>\n\n\n\n<p>Ich mag Lily Collins, seit sie Clary Fray gespielt hat und mag auch diese etwas abgedrehtere Version des Schneewittchen-M\u00e4rchens. Ich habe diesen Film zusammen mit meinen Schwestern geschaut und es macht so viel mehr Spa\u00df, wenn man ihre Reaktionen dazu sehen kann. Zwar ist der Film voller Trops, aber ich mag sie ganz gerne, von Zeit zu Zeit.<\/p>\n\n\n\n<p style=\"text-align:center\"><strong>kleiner Zwischenstand: Mir tun die Finger weh, ich habe schon viel zu oft, neben die Tasten gehauen, weil ich so selten an meinem PC arbeite (ich mag das iPad lieber) und langsam wei\u00df ich nicht mehr, was ich schreiben soll. Gaaah. <\/strong><\/p>\n\n\n\n<p><strong>Vampire Academy<\/strong> &#8211; Amazon Prime<\/p>\n\n\n\n<p>Jaja, diese gefloppten YA-Buchverfilmungen. Es ist kitschig, cringe-worthy, aber ich mag die Schaupl\u00e4tze. Hehe. Aus einer \u00e4sthetischen Sichtweise mag ich den Film sehr gerne und wurde dadurch endlich motiviert, die Reihe weiter zu lesen. Ich habe gerade Buch 3 beendet und warte nun auf Buch 4, dass heute oder morgen mit der Post kommen sollte. Und Buch 3 endet fantastisch und sehr unerwartet. Ich finde der Film ist perfekt f\u00fcr einen M\u00e4delsabend, etwas trashig, aber er macht Spa\u00df.<\/p>\n\n\n\n<p><strong>Mortal Instruments<\/strong> &#8211; iTunes<\/p>\n\n\n\n<p>Haha, es nimmt einfach kein Ende. Aber diese Filme kann man so sch\u00f6n nebenbei gucken und ich hatte pl\u00f6tzlich eine Menge Zeit. Und die Musik ist gut, oder? Und massive Nostalgie hatte ich ebenfalls. (Diese Zeiten, als meine gr\u00f6\u00dften Sorgen meine Klamotten und der anstehende Schultag waren &#8230;)<\/p>\n\n\n\n<p><strong>Die kleine Hexe<\/strong> &#8211; Amazon Prime<\/p>\n\n\n\n<p>Ich habe das Buch von Ottfried Preu\u00dfler nie gelesen, aber ich mag den Film.  Er ist sehr witzig, ehrlich, schr\u00e4g und hat eine tolle Botschaft. So merkw\u00fcrdig deutsche Produktionen auch sein k\u00f6nnen, so gut fand ich diese. <\/p>\n\n\n\n<p><strong>Warm Bodies<\/strong> &#8211; Amazon Prime<\/p>\n\n\n\n<p>Pffhhhh. Was f\u00fcr ein komischer Film. Zusammengefasst ist es die romantischste Darstellung einer Zombieapokalypse ever, ganz nach dem Schema &#8222;Liebe heilt alles&#8220;. Ich mochte am allerwenigsten Nicholas Hoult in seiner Rolle, irgendwas passte mir da nicht. (Seine Mimik allgemein ist sehr &#8211; blau\u00e4ugig?)  Theresa Palmer war ganz cool, die Zombies eher so standardm\u00e4\u00dfig, der Humor war okay. Manchmal konnte ich lachen, dann wiederum nicht. (Zombies die Auto fahren &#8230;) <\/p>\n\n\n\n<h4 class=\"wp-block-heading\" style=\"text-align:center\">&#8211; Geh\u00f6rt &#8211;<\/h4>\n\n\n\n<p><strong>Outlander: Die geliehene Zeit<\/strong> &#8211; Spotify<\/p>\n\n\n\n<p>Ich habe nicht das komplettes H\u00f6rbuch geh\u00f6rt, aber gro\u00dfe Teile davon und weil ich so selten positiv von H\u00f6rb\u00fcchern schreibe, fand ich eine gute Erfahrung erw\u00e4hnenswert. Ich denke, h\u00e4tte ich das H\u00f6rbuch nicht auf meinen Autofahrten geh\u00f6rt, w\u00fcrde ich jetzt noch an dem Buch lesen, weil ich immer ein schlechtes Gewissen bekomme, gr\u00f6\u00dfere St\u00fccke in einem Buch zu lesen, wenn ich eigentlich Hausarbeit schreiben sollte. Aber wenn ich Auto fahre geht das ja sowieso nicht und so passte das ganz gut. Ich bin nicht zu einhundert Prozent mit der Betonung der Sprecherin einverstanden, aber es ist definitiv eines der besseren H\u00f6rb\u00fccher und die Stimme war wirklich angenehm. Au\u00dferdem hat es geholfen, all die franz\u00f6sischen Namen und Sprichw\u00f6rter vorgesprochen zu bekommen, denn auch, wenn ich Franz\u00f6sisch in der Schule hatte, war ich nie sonderlich gut darin und es ist auch schon eine Weile her. <\/p>\n\n\n\n<p style=\"text-align:center\">Dieser Monat war voll und oft fand ich es leichter einen Film zu gucken, als ein Buch in die Hand zu nehmen. Dann wiederum war ich auch nicht da und konnte nur eine begrenzte Anzahl B\u00fccher mitschleppen, also war das okay. Jetzt &#8211; im Nachhinein &#8211; finde ich die Filme, die ich geschaut habe eher schlecht, aber w\u00e4hrend des Guckens hatte ich doch Spa\u00df und das bleibt f\u00fcr mich die Hauptsache. Nun fehlt eigentlich nur noch ein Re-watch von &#8222;The Hunger Games&#8220; und ich h\u00e4tte alle signifikanten Jugendbuchverfilmungen durch, oder? <\/p>\n\n\n\n<p style=\"text-align:center\">Wie war euer Februar? Haben euch auch die letzten paar Tage gefehlt? Und w\u00fcrden euch Neuzug\u00e4nge in diesen Beitr\u00e4gen interessieren? Ich habe begonnen zu katalogisieren, was ich kaufe, um einen besseren \u00dcberblick zu behalten, und mag solche Rubriken eigentlich ganz gerne schauen\/lesen.<\/p>\n","protected":false},"excerpt":{"rendered":"<p>Ich kann noch nicht so ganz fassen, dass es schon M\u00e4rz ist, weil die Deadline meiner Hausarbeit n\u00e4her r\u00fcckt und WO BITTE IST DER FEBRUAR HIN? Diese letzten 4 Tage merkt man richtig, oder? Nach meinen Pr\u00fcfungen habe ich jedenfalls versucht, das meiste aus den restlichen 2 Wochen raus zu holen und das hat &#8230; [&hellip;]<\/p>\n","protected":false},"author":1,"featured_media":3161,"comment_status":"open","ping_status":"open","sticky":false,"template":"","format":"standard","meta":{"_genesis_hide_title":false,"_genesis_hide_breadcrumbs":false,"_genesis_hide_singular_image":false,"_genesis_hide_footer_widgets":false,"_genesis_custom_body_class":"","_genesis_custom_post_class":"","_genesis_layout":"","footnotes":""},"categories":[176],"tags":[],"class_list":{"0":"post-3155","1":"post","2":"type-post","3":"status-publish","4":"format-standard","5":"has-post-thumbnail","7":"category-176","8":"entry"},"_links":{"self":[{"href":"https:\/\/buchundgewitter.de\/index.php?rest_route=\/wp\/v2\/posts\/3155","targetHints":{"allow":["GET"]}}],"collection":[{"href":"https:\/\/buchundgewitter.de\/index.php?rest_route=\/wp\/v2\/posts"}],"about":[{"href":"https:\/\/buchundgewitter.de\/index.php?rest_route=\/wp\/v2\/types\/post"}],"author":[{"embeddable":true,"href":"https:\/\/buchundgewitter.de\/index.php?rest_route=\/wp\/v2\/users\/1"}],"replies":[{"embeddable":true,"href":"https:\/\/buchundgewitter.de\/index.php?rest_route=%2Fwp%2Fv2%2Fcomments&post=3155"}],"version-history":[{"count":8,"href":"https:\/\/buchundgewitter.de\/index.php?rest_route=\/wp\/v2\/posts\/3155\/revisions"}],"predecessor-version":[{"id":3267,"href":"https:\/\/buchundgewitter.de\/index.php?rest_route=\/wp\/v2\/posts\/3155\/revisions\/3267"}],"wp:featuredmedia":[{"embeddable":true,"href":"https:\/\/buchundgewitter.de\/index.php?rest_route=\/wp\/v2\/media\/3161"}],"wp:attachment":[{"href":"https:\/\/buchundgewitter.de\/index.php?rest_route=%2Fwp%2Fv2%2Fmedia&parent=3155"}],"wp:term":[{"taxonomy":"category","embeddable":true,"href":"https:\/\/buchundgewitter.de\/index.php?rest_route=%2Fwp%2Fv2%2Fcategories&post=3155"},{"taxonomy":"post_tag","embeddable":true,"href":"https:\/\/buchundgewitter.de\/index.php?rest_route=%2Fwp%2Fv2%2Ftags&post=3155"}],"curies":[{"name":"wp","href":"https:\/\/api.w.org\/{rel}","templated":true}]}}