{"id":3039,"date":"2019-02-01T15:19:26","date_gmt":"2019-02-01T14:19:26","guid":{"rendered":"https:\/\/buchundgewitter.de\/?p=3039"},"modified":"2019-02-08T16:51:33","modified_gmt":"2019-02-08T15:51:33","slug":"kurzrezensionen-2-maybe-this-kiss-idol-2-und-warcross","status":"publish","type":"post","link":"https:\/\/buchundgewitter.de\/?p=3039","title":{"rendered":"Kurzrezensionen #2: Maybe this Kiss, Idol 2 und Warcross"},"content":{"rendered":"\n<div class=\"wp-block-image\"><figure class=\"aligncenter\"><img decoding=\"async\" src=\"https:\/\/buchundgewitter.de\/wp-content\/uploads\/2019\/02\/2019-02-01-151333.160.jpg\" alt=\"\" class=\"wp-image-3088\"\/><\/figure><\/div>\n\n\n\n<p class=\"has-drop-cap\">Um mal ein bisschen meine Rezensionsliste abzuarbeiten gibt es wieder Kurzrezensionen. Es klingt immer recht negativ, wenn man schreibt, dass man wenig zu einem Buch zu sagen hat, allerdings bedeutet das bei mir meistens, dass es nicht wirklich heraussticht aus der breiten Masse und zu wenig Probleme hatte, um mich wirklich aufzuregen. (Klingt auch nicht positiver, oder?) Jedenfalls hat der Verlag bei dem Gro\u00dfteil dieser B\u00fccher meine Meinung gewollt, also sollte ich diese wohl auch \u00f6ffentlich machen.<\/p>\n\n\n\n<h4 class=\"wp-block-heading\" style=\"text-align:center\">Maybe this Kiss: Und mit einem Mal doch von Jennifer Snow<\/h4>\n\n\n\n<p style=\"text-align:center\"><strong><span style=\"color: #808080;\">Vielen Dank an den LYX Verlag und NetGalley f\u00fcr die Bereitstellung des Rezensionsexemplars.<\/span>&nbsp;<\/strong><\/p>\n\n\n\n<div class=\"wp-block-image\"><figure class=\"aligncenter\"><img loading=\"lazy\" decoding=\"async\" width=\"3024\" height=\"3024\" src=\"https:\/\/buchundgewitter.de\/wp-content\/uploads\/2019\/02\/4e88a1ae-032b-47b5-b3a9-ec01881a6ba4.jpg\" alt=\"\" class=\"wp-image-3079\" srcset=\"https:\/\/buchundgewitter.de\/wp-content\/uploads\/2019\/02\/4e88a1ae-032b-47b5-b3a9-ec01881a6ba4.jpg 3024w, https:\/\/buchundgewitter.de\/wp-content\/uploads\/2019\/02\/4e88a1ae-032b-47b5-b3a9-ec01881a6ba4-150x150.jpg 150w, https:\/\/buchundgewitter.de\/wp-content\/uploads\/2019\/02\/4e88a1ae-032b-47b5-b3a9-ec01881a6ba4-300x300.jpg 300w, https:\/\/buchundgewitter.de\/wp-content\/uploads\/2019\/02\/4e88a1ae-032b-47b5-b3a9-ec01881a6ba4-768x768.jpg 768w, https:\/\/buchundgewitter.de\/wp-content\/uploads\/2019\/02\/4e88a1ae-032b-47b5-b3a9-ec01881a6ba4-700x700.jpg 700w, https:\/\/buchundgewitter.de\/wp-content\/uploads\/2019\/02\/4e88a1ae-032b-47b5-b3a9-ec01881a6ba4-425x425.jpg 425w, https:\/\/buchundgewitter.de\/wp-content\/uploads\/2019\/02\/4e88a1ae-032b-47b5-b3a9-ec01881a6ba4-1280x1280.jpg 1280w\" sizes=\"auto, (max-width: 3024px) 100vw, 3024px\" \/><\/figure><\/div>\n\n\n\n<p style=\"text-align:center\">Mir f\u00e4llt erst jetzt auf, dass die Autorin einen winterlichen Nachnamen hat und irgendwie finde ich das gerade sehr witzig. Denn wenn dieses Buch eine Tatsache authentisch vermittelt hat dann den Winter. Es ist eine Kurzgeschichte, die vor der eigentlichen Colorado-Ice-Reihe spielt und sich im Gegensatz zu den B\u00fcchern mit der Schwester der drei Br\u00fcder besch\u00e4ftigt. Ironischerweise steht bei Becky Westmore der Mann vor der T\u00fcr, den sie vor Jahren wegen seines Berufs verlassen hat. (Neil ist zur Amey gegangen, Beckys Mann war Polizist. Sie hat sich von Neil getrennt, weil sie nicht eines Tages einen Anruf bekommen wollte, der ihr sagt, dass ihr Freund im Einsatz gestorben ist.) Nur um dann ihren nun-verstorbenen-Mann im gleichen Berufsfeld zu heiraten. Dass ihre Jugendliebe Neil sich da etwas verarscht f\u00fchlt ist kein Wunder, dennoch akzeptiert er Beckys Entscheidung und geht sehr respektvoll mit der Tatsache um, dass ihr Mann gestorben ist und sie eine Tochter von ihm hat. Der Aspekt des Eishockeys, der sich durch die Reihe zieht wird hier eher wenig einbezogen &#8211; allerh\u00f6chstens durch die begeisterte Tochter &#8211; und allgemein kommt hier alles etwas kurz. (Weil KURZgeschichte, haha ^^&#8216;.) Ich fand die Beziehung zwischen Becky und Neil wenig glaubw\u00fcrdig und sehr klischeebelastet, mir fehlte \u00f6fters etwas im Schreibstil und war alles in allem <em>underwhelmed<\/em>. F\u00fcr einen verschneiten Nachmittag auf dem Sofa ist es wohl das richtige Buch, allerdings konnte es mich aufgrund kleinerer Verfehlungen nicht begeistern.<\/p>\n\n\n\n<p style=\"text-align:center\">\u2026<\/p>\n\n\n\n<p style=\"text-align:center\"><i>\u00dcbersetzt von:<\/i> Richard Betzenbichler&nbsp;\u2022&nbsp;<i>Verlag<\/i>: <a href=\"https:\/\/www.luebbe.de\/lyx\/ebooks\/liebesroman\/maybe-this-kiss-und-mit-einem-mal-doch\/id_6562877\">LYX<\/a>&nbsp;\u2022&nbsp;<i>Seiten<\/i>: 217&nbsp;\u2022&nbsp;<i>Format<\/i>: eBook&nbsp;\u2022&nbsp;<i>Preis<\/i>: 3,99\u20ac&nbsp;\u2022&nbsp;<i>Erscheinungstermin<\/i>: 01. Januar 2019<\/p>\n\n\n\n<h4 class=\"wp-block-heading\" style=\"text-align:center\">Idol: Gib mir dein Herz von Kristen Callihan<\/h4>\n\n\n\n<p style=\"text-align:center\"><strong><span style=\"color: #808080;\">Vielen<\/span> <span style=\"color: #808080;\">Dank an den LYX Verlag und NetGalley f\u00fcr die Bereitstellung des Rezensionsexemplares.<\/span><\/strong><\/p>\n\n\n\n<div class=\"wp-block-image\"><figure class=\"aligncenter\"><img loading=\"lazy\" decoding=\"async\" width=\"3024\" height=\"3024\" src=\"https:\/\/buchundgewitter.de\/wp-content\/uploads\/2019\/02\/a3b991ee-4af0-427e-bcb0-8158b42a851a.jpg\" alt=\"\" class=\"wp-image-3083\" srcset=\"https:\/\/buchundgewitter.de\/wp-content\/uploads\/2019\/02\/a3b991ee-4af0-427e-bcb0-8158b42a851a.jpg 3024w, https:\/\/buchundgewitter.de\/wp-content\/uploads\/2019\/02\/a3b991ee-4af0-427e-bcb0-8158b42a851a-150x150.jpg 150w, https:\/\/buchundgewitter.de\/wp-content\/uploads\/2019\/02\/a3b991ee-4af0-427e-bcb0-8158b42a851a-300x300.jpg 300w, https:\/\/buchundgewitter.de\/wp-content\/uploads\/2019\/02\/a3b991ee-4af0-427e-bcb0-8158b42a851a-768x768.jpg 768w, https:\/\/buchundgewitter.de\/wp-content\/uploads\/2019\/02\/a3b991ee-4af0-427e-bcb0-8158b42a851a-700x700.jpg 700w, https:\/\/buchundgewitter.de\/wp-content\/uploads\/2019\/02\/a3b991ee-4af0-427e-bcb0-8158b42a851a-425x425.jpg 425w, https:\/\/buchundgewitter.de\/wp-content\/uploads\/2019\/02\/a3b991ee-4af0-427e-bcb0-8158b42a851a-1280x1280.jpg 1280w\" sizes=\"auto, (max-width: 3024px) 100vw, 3024px\" \/><\/figure><\/div>\n\n\n\n<p style=\"text-align:center\">Ich bin von diesem Buch nachhaltig beeindruckt. Als Quereinsteiger der Reihe (Das scheint ein Muster mit den B\u00fcchern der Autorin zu werden.) hatte ich etwas wesentlich Schlechteres erwartet und war dann sehr \u00fcberrascht. Der sehr klischeebelastete Pitch des Buches verschleiert die Tatsache, dass Sophie Darling durch ihre Offenheit und &#8222;Plapperei&#8220; Menschen aus Schneckenh\u00e4usern lockt und ein sehr umg\u00e4nglicher Mensch ist. Das tut dem verspannten Gabriel &#8222;Scottie&#8220; Scott nat\u00fcrlich gut und nach einem einpr\u00e4gsamen Flugerlebnis entscheiden beide, dass sie den anderen auf irgendeine Art in ihrem Leben brauchen. Dies wird etwas fadenscheinig mit &#8222;Schlafst\u00f6rungen&#8220; begr\u00fcndet, wird aber keinesfalls von der Autorin ausgenutzt und die Beziehung die sich langsam (!) zwischen den beiden entspinnt ist wundersch\u00f6n gewesen. Mir hat gefallen, dass beide kein Blatt vor den Mund genommen haben, ihre Probleme offen beredet haben und Konflikte nicht auf Missverst\u00e4ndnissen beruhten. Au\u00dferdem war das Bandleben sehr gut recherchiert und glaubhaft dargestellt, eigentlich war es die Erf\u00fcllung aller meiner Fanfiktionw\u00fcnsche aus Zeiten von 5SoS-Fanfiktions. Ich werde die Reihe auf jeden Fall weiter verfolgen, denn dieses Buch war so viel besser, als alle andere, die ich von der Autorin bisher gelesen habe.<\/p>\n\n\n\n<p style=\"text-align:center\">\u2026<\/p>\n\n\n\n<p style=\"text-align:center\"><i>\u00dcbersetzt<\/i> <i>von<\/i>: Anika Kl\u00fcver&nbsp;\u2022&nbsp;<i>Verlag<\/i>: <a href=\"https:\/\/www.luebbe.de\/lyx\/buecher\/liebesromane\/idol-gib-mir-dein-herz\/id_6787853\">LYX<\/a>&nbsp;\u2022&nbsp;<i>Seiten<\/i>: 441&nbsp;\u2022&nbsp;<i>Format<\/i>: Taschenbuch, eBook&nbsp;\u2022&nbsp;<i>Preis<\/i>: 12,90\u20ac (TB); 9,99\u20ac (ePub)&nbsp;\u2022&nbsp;<i>Erscheinungstermin<\/i>: 30. November 2018<\/p>\n\n\n\n<h4 class=\"wp-block-heading\" style=\"text-align:center\">Warcross: Das Spiel ist er\u00f6ffnet von Marie Lu<\/h4>\n\n\n\n<div class=\"wp-block-image\"><figure class=\"aligncenter\"><img loading=\"lazy\" decoding=\"async\" width=\"3024\" height=\"3024\" src=\"https:\/\/buchundgewitter.de\/wp-content\/uploads\/2019\/02\/2418a0fc-771a-47ba-a68e-221135b7586a.jpg\" alt=\"\" class=\"wp-image-3081\" srcset=\"https:\/\/buchundgewitter.de\/wp-content\/uploads\/2019\/02\/2418a0fc-771a-47ba-a68e-221135b7586a.jpg 3024w, https:\/\/buchundgewitter.de\/wp-content\/uploads\/2019\/02\/2418a0fc-771a-47ba-a68e-221135b7586a-150x150.jpg 150w, https:\/\/buchundgewitter.de\/wp-content\/uploads\/2019\/02\/2418a0fc-771a-47ba-a68e-221135b7586a-300x300.jpg 300w, https:\/\/buchundgewitter.de\/wp-content\/uploads\/2019\/02\/2418a0fc-771a-47ba-a68e-221135b7586a-768x768.jpg 768w, https:\/\/buchundgewitter.de\/wp-content\/uploads\/2019\/02\/2418a0fc-771a-47ba-a68e-221135b7586a-700x700.jpg 700w, https:\/\/buchundgewitter.de\/wp-content\/uploads\/2019\/02\/2418a0fc-771a-47ba-a68e-221135b7586a-425x425.jpg 425w, https:\/\/buchundgewitter.de\/wp-content\/uploads\/2019\/02\/2418a0fc-771a-47ba-a68e-221135b7586a-1280x1280.jpg 1280w\" sizes=\"auto, (max-width: 3024px) 100vw, 3024px\" \/><\/figure><\/div>\n\n\n\n<p style=\"text-align:center\">Ach, auch mit dieser Autorin habe ich bisher nur Pech gehabt. Aber ich bin auch zu einem Fazit gekommen, dass mir zuk\u00fcnftige Entt\u00e4uschungen ersparen soll und mein allgemeines Problem mit dem Buch zusammenf\u00e4sst: Ich mag ihre Jugendb\u00fccher nicht. Fakt ist f\u00fcr mich, dass sie vorhersehbare, etwas klischeebelastete Jugendb\u00fccher schreibt, die einzig durch ihr Setting und Weltenbau aufleben und hervorstechen. Den Antagonisten habe ich bereits bei circa der H\u00e4lfte des Buches entarnt, Emika begeht jeden Fehler, den eine jungendliche Protagonistin machen kann und nutzt ihre sonst so tolle Voraussicht nur in der virtuellen Welt. Ich mag, dass dieses Buch zwei asiatische Hauptfiguren hat, ich finde die Repr\u00e4sentation toll und finde ich die Idee vom globalen Spiel Warcross &#8211; und den damit verbundenen H\u00f6hen und Tiefen &#8211; sehr spannend. Der Weltenbau war fesselnd und ich kann mir das Buch sehr gut als Serie vorstellen, die bestimmt sehr bildgewaltig sein w\u00fcrde. Die Handlung war eher meh. Ich bin sowieso kein gro\u00dfer Fan von Wettbewerben und dieser hat sich au\u00dfer durch den Einsatz von Warcross nicht hervorgehoben. Ich mag die moralischen Grauzonen, die hier st\u00e4rker als erwartet angesprochen wurden und auch wenn der gro\u00dfe Plottwist am Ende wirklich krass war und zu vielem Nachdenken angeregt hat, konnte er f\u00fcr mich die allgemeine Genervtheit vom Rest des Buches \u00fcber Emikas Kurzsichtigkeit nicht aufwerten. Ich werde also erst wieder etwas von Marie Lu lesen, wenn sie einen Roman f\u00fcr &#8222;Erwachsene&#8220; schreibt. Ich sollte auch erw\u00e4hnen, dass ich Probleme mit der Sprecherin hatte. Ihre Darstellung von Emika hat sicherlich auch zu meiner eher negativen Meinung beigetragen, au\u00dferdem klang es immer furchtbar, wenn sie Songtexte vorgelesen hat. Da h\u00e4tte ich mir gew\u00fcnscht, man h\u00e4tte das Lied dann richtig eingespielt oder versucht es nicht rhythmisch vorzulesen.<\/p>\n\n\n\n<p style=\"text-align:center\"><strong>\u2026<\/strong><\/p>\n\n\n\n<p style=\"text-align:center\"><i>Gesprochen<\/i> <i>von<\/i>: Dagmar Bittner&nbsp;\u2022&nbsp;<i>Verlag<\/i>: <a href=\"https:\/\/www.audible.de\/pd\/Warcross-Hoerbuch\/B07HJ1YK66?qid=1549192220&amp;sr=1-1&amp;ref=a_search_c3_lProduct_1_1&amp;pf_rd_p=34e3b439-2a21-4dff-af95-98a7a74a1f67&amp;pf_rd_r=A2T207B1BBE8NG51143Q&amp;\">Audible Exklusiv<\/a>&nbsp;\u2022&nbsp;<i>H\u00f6rzeit<\/i>: 12 Std. und 30 Min.&nbsp;\u2022&nbsp;<i>Preis<\/i>: 17,95\u20ac&nbsp;\u2022&nbsp;<i>Erscheinungstermin<\/i>: 4. Oktober 2018<\/p>\n\n\n\n<p><\/p>\n","protected":false},"excerpt":{"rendered":"<p>Um mal ein bisschen meine Rezensionsliste abzuarbeiten gibt es wieder Kurzrezensionen. Es klingt immer recht negativ, wenn man schreibt, dass man wenig zu einem Buch zu sagen hat, allerdings bedeutet das bei mir meistens, dass es nicht wirklich heraussticht aus der breiten Masse und zu wenig Probleme hatte, um mich wirklich aufzuregen. (Klingt auch nicht [&hellip;]<\/p>\n","protected":false},"author":1,"featured_media":0,"comment_status":"open","ping_status":"open","sticky":false,"template":"","format":"standard","meta":{"_genesis_hide_title":false,"_genesis_hide_breadcrumbs":false,"_genesis_hide_singular_image":false,"_genesis_hide_footer_widgets":false,"_genesis_custom_body_class":"","_genesis_custom_post_class":"","_genesis_layout":"","footnotes":""},"categories":[10,6],"tags":[169,173,73,172,170,171],"class_list":{"0":"post-3039","1":"post","2":"type-post","3":"status-publish","4":"format-standard","6":"category-deutsche-buecher","7":"category-rezensionen","8":"tag-idol-gib-mir-dein-herz","9":"tag-jennifer-snow","10":"tag-kristen-callihan","11":"tag-marie-lu","12":"tag-maybe-this-kiss-und-mit-einem-mal-doch","13":"tag-warcross-das-spiel-ist-eroeffnet","14":"entry","15":"has-post-thumbnail"},"_links":{"self":[{"href":"https:\/\/buchundgewitter.de\/index.php?rest_route=\/wp\/v2\/posts\/3039","targetHints":{"allow":["GET"]}}],"collection":[{"href":"https:\/\/buchundgewitter.de\/index.php?rest_route=\/wp\/v2\/posts"}],"about":[{"href":"https:\/\/buchundgewitter.de\/index.php?rest_route=\/wp\/v2\/types\/post"}],"author":[{"embeddable":true,"href":"https:\/\/buchundgewitter.de\/index.php?rest_route=\/wp\/v2\/users\/1"}],"replies":[{"embeddable":true,"href":"https:\/\/buchundgewitter.de\/index.php?rest_route=%2Fwp%2Fv2%2Fcomments&post=3039"}],"version-history":[{"count":9,"href":"https:\/\/buchundgewitter.de\/index.php?rest_route=\/wp\/v2\/posts\/3039\/revisions"}],"predecessor-version":[{"id":3119,"href":"https:\/\/buchundgewitter.de\/index.php?rest_route=\/wp\/v2\/posts\/3039\/revisions\/3119"}],"wp:attachment":[{"href":"https:\/\/buchundgewitter.de\/index.php?rest_route=%2Fwp%2Fv2%2Fmedia&parent=3039"}],"wp:term":[{"taxonomy":"category","embeddable":true,"href":"https:\/\/buchundgewitter.de\/index.php?rest_route=%2Fwp%2Fv2%2Fcategories&post=3039"},{"taxonomy":"post_tag","embeddable":true,"href":"https:\/\/buchundgewitter.de\/index.php?rest_route=%2Fwp%2Fv2%2Ftags&post=3039"}],"curies":[{"name":"wp","href":"https:\/\/api.w.org\/{rel}","templated":true}]}}