{"id":2860,"date":"2019-01-03T16:13:32","date_gmt":"2019-01-03T15:13:32","guid":{"rendered":"https:\/\/buchundgewitter.de\/?p=2860"},"modified":"2020-07-01T10:23:09","modified_gmt":"2020-07-01T08:23:09","slug":"buchsaiten-blogparade","status":"publish","type":"post","link":"https:\/\/buchundgewitter.de\/?p=2860","title":{"rendered":"BuchSaiten Blogparade"},"content":{"rendered":"<p><img loading=\"lazy\" decoding=\"async\" class=\"aligncenter size-full wp-image-2864\" src=\"https:\/\/buchundgewitter.de\/wp-content\/uploads\/2018\/12\/by1.png\" alt=\"\" width=\"1069\" height=\"719\" srcset=\"https:\/\/buchundgewitter.de\/wp-content\/uploads\/2018\/12\/by1.png 1069w, https:\/\/buchundgewitter.de\/wp-content\/uploads\/2018\/12\/by1-300x202.png 300w, https:\/\/buchundgewitter.de\/wp-content\/uploads\/2018\/12\/by1-768x517.png 768w, https:\/\/buchundgewitter.de\/wp-content\/uploads\/2018\/12\/by1-700x471.png 700w\" sizes=\"auto, (max-width: 1069px) 100vw, 1069px\" \/><\/p>\n<p>2019 ist nun einige Tage alt und ich greife erneut zu den sch\u00f6nen Fragen der BuchSaiten Blogparade um mein Jahr nochmal zusammenzufassen. #BSBP Sie wird erneut von <a href=\"https:\/\/dieliebezudenbuechern.de\/2018\/12\/01\/die-10-buchsaiten-blogparade-2018-auf-die-liebe-zu-den-buechern\/\">Petzi von Die Liebe zu den B\u00fcchern<\/a> ausgerichtet und ich freue mich, wieder dabei zu sein. <a href=\"https:\/\/buchundgewitter.de\/2017\/12\/31\/ende-des-jahres-blogparade\/\">(Beitrag vom letzten Jahr hier.)<\/a><\/p>\n<h4 style=\"text-align: center;\"><span style=\"color: #993300;\">ein allgemeiner R\u00fcckblick<\/span><\/h4>\n<p>2018 war das Jahr, in dem ich mich in der Bloggerwelt angekommen gef\u00fchlt habe. Ich will nicht unehrlich sein, Abonnenten und Kommentare tragen viel zum Selbstwertgef\u00fchl eines Bloggers bei und ich freue mich jedes Mal wieder, wenn ich eine Benachrichtigung deswegen bekomme. Mein Blog hat eine eigene Domain bekommen (Danke, DSGVO!) und ein Design das ich immer noch liebe (auch wenn es \u00f6fter mal ge\u00e4ndert wurde), ich schreibe meine Beitr\u00e4ge immer noch mit einer Freude, dass es mich manchmal selbst \u00fcberrascht und habe so viele andere tolle Blogs gefunden, auf denen ich gerne st\u00f6bere. Ich habe einige buchige Freundschaften geschlossen, etwas, das ich seit Jahren tun wollte, damit ich endlich \u00fcber die B\u00fccher reden und fachsimpeln kann, die mich besch\u00e4ftigen und es ist GRANDIOS. Ein pers\u00f6nlicher (nicht allzu ernst nehmender) Meilenstein waren die Visitenkarten, die ich sogar zweimal habe drucken lassen, weil ich einen Stapel von circa 90 Vistitenkarten habe, die ich nicht nutzen kann, da dort ein wordpress.com hinten dran h\u00e4ngt. (Jemand Interesse?)<\/p>\n<p>Auf Buchmessen habe ich mich getraut mehr Verlage anzusprechen und ein paar der lange bewunderten Blogger ebenfalls, obwohl ich an meinen Konversationsskills noch arbeiten k\u00f6nnte. Die Zusammenarbeit mit Verlagen habe ich ebenfalls erfolgreich etwas vorangetrieben, auch wenn ich jedes mal wieder Luftspr\u00fcnge mache, wenn ich ein Rezensionsexemplar best\u00e4tigt bekomme. Ich habe mich bem\u00fcht regelm\u00e4\u00dfig zu posten, obwohl das neben der Uni gar nicht so einfach ist. Ich bin einfach sehr zufrieden damit, zu was einem Ort Buch &amp; Gewitter geworden ist und das habe ich haupts\u00e4chlich euch Lesern zu verdanken. Also: DANKESCH\u00d6N.<\/p>\n<p>Aber nun zu den Fragen.<\/p>\n<ul>\n<li><strong>Welches war das Buch in diesem Jahr, von dem ich mir wenig versprochen habe, das mich dann aber positiv \u00fcberrascht hat?<em>\u00a0(und Begr\u00fcndung)<\/em><\/strong><\/li>\n<\/ul>\n<p>Ich untersch\u00e4tze immer wieder, wie schwer es ist, sich auf ein Buch festzulegen. Und weil meine Antwort sonst arg kurz ausfallen w\u00fcrde, nenne ich also alle Kandidaten. Nach <em>Save Me<\/em>\u00a0von Mona Kasten, hat mich<a href=\"https:\/\/buchundgewitter.de\/2018\/07\/04\/kurzrezensionen-1-acofas-all-the-crooked-saints-save-you\/\"><em> Save You<\/em><\/a> sehr \u00fcberrascht. Ich hatte mir recht wenig von dem Buch versprochen, hatte mit alten Fehlern, die typisch f\u00fcr Young Adult Romane sind gerechnet und diese dann nicht gefunden. Ebenfalls \u00fcberrascht hat mich <em>Farbenblind<\/em> von Trevor Noah (Ich glaube, dieses Buch gewinnt den Preis f\u00fcr die meisten Erw\u00e4hnungen auf diesem Blog.), <a href=\"https:\/\/buchundgewitter.de\/2018\/05\/10\/farbenblind\/\">zur Rezension geht es hier lang<\/a>, denn ehrlich: Ich habe euch schon genug die Ohren abgekaut mit diesem Buch. Ebenfalls \u00fcberrascht hat mich <a href=\"https:\/\/buchundgewitter.de\/2018\/11\/27\/die-gabe-der-koenige-von-robin-hobb\/\"><em>Die Gabe der K\u00f6nige<\/em><\/a> von Robin Hobb, da ich mich zu dem Buch &#8211; der ganzen Trilogie eigentlich &#8211; weitgehend gespoilert habe. Dennoch hat es mich wirklich \u00fcberrascht mit seinen Plottwists, seiner Handlung, der Ernsthaftigkeit und der allgemeinen Figurenkonstellation.<\/p>\n<p>Das Siegertreppchen in dieser Kategorie muss aber <em>Hero at the Fall<\/em> von Alwyn Hamilton zustehen. Ich habe die Trilogie innerhalb einer Woche gelesen und jeder Band ist wirklich stark. Aber tats\u00e4chlich schaffte die Autorin es, in dem finalen Band absolut zufriedenstellend und tragisch, die ganze Welt zu einem Abschluss zu bringen. Verbunden mit Opfern, Offenbarungen und schrecklichen K\u00e4mpfen hat mich dieses Buch in Atem gehalten und sogar ein bisschen zum Weinen gebracht. Alwyn Hamilton versteht es wirklich die Herzen ihrer Leser zum stottern zu bringen, etwas, dass nicht einmal mehr Cassandra Clare bei mir schafft.<\/p>\n<ul>\n<li><strong>Welches war das Buch in diesem Jahr, von dem ich mir viel versprochen habe, das mich dann aber negativ \u00fcberrascht hat?\u00a0<em>(und Begr\u00fcndung)<\/em><\/strong><\/li>\n<\/ul>\n<p>*Verzweifeltes Lachen* Haha, so einige. Und es tut mir im Herzen weh, aber einige dieser B\u00fccher kommen von zwei meiner liebsten deutschen Autorinnen. Zu <a href=\"https:\/\/buchundgewitter.de\/2018\/04\/30\/soul-mates-ruf-der-dunkelheit\/\"><em>Soul Mates: Ruf der Dunkelheit<\/em><\/a>, <a href=\"https:\/\/buchundgewitter.de\/2018\/11\/07\/rezension-die-krone-der-dunkelheit-von-laura-kneidl\/\"><em>Die Krone der Dunkelheit<\/em><\/a> und <a href=\"https:\/\/buchundgewitter.de\/2018\/03\/26\/herz-aus-schatten\/\"><em>Herz aus Schatten<\/em> <\/a>gibt es Rezensionen, weswegen ich jetzt nicht weiter auf diesen B\u00fcchern herumtrampeln werde. Ich glaube mittlerweile, dass ich die Finger von den Jugendb\u00fcchern lassen sollte, aus einigen Gr\u00fcnden sagen sie mir nicht mehr zu. (Dazu kommt vielleicht sp\u00e4ter im Jahr nochmal ein Beitrag.) Ebenfalls entt\u00e4uscht hat mich\u00a0<em>Daughter of the Pirate King<\/em> von Tricia Levenseller, das ebenfalls so ziemlich jedes YA-Klischee bedient hat und einfach nur wahnsinnig frustrierend war. Und zu <a href=\"https:\/\/buchundgewitter.de\/2018\/12\/28\/mortal-engines-krieg-der-staedte-von-philip-reeve\/\"><em>Mortal Engines<\/em><\/a> von Philip Reeve habe ich mich auch schon ge\u00e4u\u00dfert. Eines verbindet diese B\u00fccher allerdings: Hype. Egal, wie oft ich schon auf gehypte B\u00fccher hereingefallen bin, ich tue es dennoch immer wieder. Gerade als Vielleser sollte mir klar sein, dass die breite Masse weniger hohe Anspr\u00fcche hat, als ich, aber ich hoffe jedes Mal wieder, dass dem nicht so ist.<\/p>\n<ul>\n<li><strong>Welches war eure pers\u00f6nliche Autoren-Neuentdeckung in diesem Jahr und warum?<\/strong><\/li>\n<\/ul>\n<p>Obwohl ich verh\u00e4ltnism\u00e4\u00dfig viel mehr von anderen Autorinnen gelesen habe, ist meine &#8222;Neu&#8220;entdeckung (Haha, die Dame ist fast 70 Jahre alt) Robin Hobb. Ich habe ihre B\u00fccher erst gegen Ende des Jahres begonnen zu lesen und m\u00f6chte mir richtig Zeit nehmen, um ihren Schreibstil und ihre Welt zu genie\u00dfen. Sie schreibt einfach eine Art High Fanatsy, die ich richtig gerne mag, wo ein Held ein Held ist, weil es niemand anderes sein kann, der wahnsinnig aufopferungsvoll ist und nebenbei eine so liebe Person, dass man ihn einfach in den Arm nehmen m\u00f6chte. Ich denke, ich sehe Fitz als die Art Held, die ich gerne sein w\u00fcrde, aber wohl nie sein werde.<\/p>\n<ul>\n<li><strong>Welches war euer Lieblings-Cover in diesem Jahr und warum?<\/strong><\/li>\n<\/ul>\n<p><img loading=\"lazy\" decoding=\"async\" class=\"aligncenter wp-image-2911 size-full\" src=\"https:\/\/buchundgewitter.de\/wp-content\/uploads\/2019\/01\/2019-01-03-03.56.08-1.jpg\" alt=\"\" width=\"4160\" height=\"2336\" srcset=\"https:\/\/buchundgewitter.de\/wp-content\/uploads\/2019\/01\/2019-01-03-03.56.08-1.jpg 4160w, https:\/\/buchundgewitter.de\/wp-content\/uploads\/2019\/01\/2019-01-03-03.56.08-1-300x168.jpg 300w, https:\/\/buchundgewitter.de\/wp-content\/uploads\/2019\/01\/2019-01-03-03.56.08-1-768x431.jpg 768w, https:\/\/buchundgewitter.de\/wp-content\/uploads\/2019\/01\/2019-01-03-03.56.08-1-700x393.jpg 700w\" sizes=\"auto, (max-width: 4160px) 100vw, 4160px\" \/><\/p>\n<p>Es gab viele tolle Cover in 2018, gerade der deutsche Buchhandel hat sich in seiner Covergestaltung weiterentwickelt und ich feiere die Kreativit\u00e4t der Coverdesigner jedes Mal wieder. Besonders gelungen finde ich allerdings die Cover von <em>Queen of Air and Darkness<\/em> von Cassandra Clare, das Blau des Hintergrunds und die goldene Schrift komplimentieren einander gro\u00dfartig. Ebenfalls lieben tue ich das gold-gelbe Cover von <em>Kingdom of Ash<\/em> von Sarah J. Maas. Ich liebe ebenfalls den Zeichenstil auf den deutschen Covern der Mortal Engines Reihe, es wirkt fast wie mit Wasserfarbe gemalt und die farblichen Abstufungen sehen gro\u00dfartig aus. Verliebt habe ich mich dann in die Schlichtheit von <em>Die Gabe der K\u00f6nige<\/em>, die rote Schrift sieht einfach vor jedem Hintergrund gut aus und das Wappen des K\u00f6nigshauses hat im Buch selber nochmal eine besondere Bedeutung. Es ist sch\u00f6n, wenn das Cover tats\u00e4chlich mit dem Inhalt des Buches zu tun hat.<\/p>\n<p><img loading=\"lazy\" decoding=\"async\" class=\"aligncenter size-full wp-image-2910\" src=\"https:\/\/buchundgewitter.de\/wp-content\/uploads\/2019\/01\/2019-01-03-03.56.06-1.jpg\" alt=\"\" width=\"4160\" height=\"2336\" srcset=\"https:\/\/buchundgewitter.de\/wp-content\/uploads\/2019\/01\/2019-01-03-03.56.06-1.jpg 4160w, https:\/\/buchundgewitter.de\/wp-content\/uploads\/2019\/01\/2019-01-03-03.56.06-1-300x168.jpg 300w, https:\/\/buchundgewitter.de\/wp-content\/uploads\/2019\/01\/2019-01-03-03.56.06-1-768x431.jpg 768w, https:\/\/buchundgewitter.de\/wp-content\/uploads\/2019\/01\/2019-01-03-03.56.06-1-700x393.jpg 700w\" sizes=\"auto, (max-width: 4160px) 100vw, 4160px\" \/><\/p>\n<p>Allerdings hat mich die Neuauflage der The Darkest Minds Trilogie von Alexandra Bracken am meisten begeistert. Die Taschenbuchausgaben sind jetzt alle mit Fotografien versehen und ich liebe einfach die post-apokalyptische Welt, die darauf abgebildet ist. Die zerst\u00f6rten Autos und heruntergekommenen St\u00e4dte sorgen einfach daf\u00fcr, dass ich meine eigenen vier Wende mehr zu sch\u00e4tzen wei\u00df und ihre Geborgenheit viel mehr zu sch\u00e4tzen wei\u00df. Das ist vielleicht komisch, aber ich k\u00f6nnte diese Cover stundenlang anstarren.<\/p>\n<ul>\n<li><strong>Welches Buch wollt ihr unbedingt 2019 lesen und warum?<\/strong><\/li>\n<\/ul>\n<p>Abgesehen von all den Neuerscheinungen, die ich lesen will, freue ich mich besonders auf <em>Kernstaub<\/em> von Marie Gra\u00dfhoff. Dieses fette Taschenbuch habe ich schon seit der Leipziger Buchmesse und es ist schon \u00fcber ein Jahr her, dass ich etwas aus der Feder dieser Autorin gelesen habe. Gerade als deutsche Autorin m\u00f6chte ich Marie gerne unterst\u00fctzen und verspreche mir nach <em>Die Sch\u00f6pfer der Wolken<\/em>\u00a0Gro\u00dfes von diesem Buch.<\/p>\n","protected":false},"excerpt":{"rendered":"<p>2019 ist nun einige Tage alt und ich greife erneut zu den sch\u00f6nen Fragen der BuchSaiten Blogparade um mein Jahr nochmal zusammenzufassen. #BSBP Sie wird erneut von Petzi von Die Liebe zu den B\u00fcchern ausgerichtet und ich freue mich, wieder dabei zu sein. (Beitrag vom letzten Jahr hier.) ein allgemeiner R\u00fcckblick 2018 war das Jahr, [&hellip;]<\/p>\n","protected":false},"author":1,"featured_media":2864,"comment_status":"open","ping_status":"open","sticky":false,"template":"","format":"standard","meta":{"_genesis_hide_title":false,"_genesis_hide_breadcrumbs":false,"_genesis_hide_singular_image":false,"_genesis_hide_footer_widgets":false,"_genesis_custom_body_class":"","_genesis_custom_post_class":"","_genesis_layout":"","footnotes":""},"categories":[3],"tags":[],"class_list":{"0":"post-2860","1":"post","2":"type-post","3":"status-publish","4":"format-standard","5":"has-post-thumbnail","7":"category-bookish","8":"entry"},"_links":{"self":[{"href":"https:\/\/buchundgewitter.de\/index.php?rest_route=\/wp\/v2\/posts\/2860","targetHints":{"allow":["GET"]}}],"collection":[{"href":"https:\/\/buchundgewitter.de\/index.php?rest_route=\/wp\/v2\/posts"}],"about":[{"href":"https:\/\/buchundgewitter.de\/index.php?rest_route=\/wp\/v2\/types\/post"}],"author":[{"embeddable":true,"href":"https:\/\/buchundgewitter.de\/index.php?rest_route=\/wp\/v2\/users\/1"}],"replies":[{"embeddable":true,"href":"https:\/\/buchundgewitter.de\/index.php?rest_route=%2Fwp%2Fv2%2Fcomments&post=2860"}],"version-history":[{"count":9,"href":"https:\/\/buchundgewitter.de\/index.php?rest_route=\/wp\/v2\/posts\/2860\/revisions"}],"predecessor-version":[{"id":2942,"href":"https:\/\/buchundgewitter.de\/index.php?rest_route=\/wp\/v2\/posts\/2860\/revisions\/2942"}],"wp:featuredmedia":[{"embeddable":true,"href":"https:\/\/buchundgewitter.de\/index.php?rest_route=\/wp\/v2\/media\/2864"}],"wp:attachment":[{"href":"https:\/\/buchundgewitter.de\/index.php?rest_route=%2Fwp%2Fv2%2Fmedia&parent=2860"}],"wp:term":[{"taxonomy":"category","embeddable":true,"href":"https:\/\/buchundgewitter.de\/index.php?rest_route=%2Fwp%2Fv2%2Fcategories&post=2860"},{"taxonomy":"post_tag","embeddable":true,"href":"https:\/\/buchundgewitter.de\/index.php?rest_route=%2Fwp%2Fv2%2Ftags&post=2860"}],"curies":[{"name":"wp","href":"https:\/\/api.w.org\/{rel}","templated":true}]}}