{"id":2468,"date":"2018-10-31T14:25:33","date_gmt":"2018-10-31T13:25:33","guid":{"rendered":"https:\/\/buchundgewitter.de\/?p=2468"},"modified":"2018-10-31T14:26:15","modified_gmt":"2018-10-31T13:26:15","slug":"meine-buecher-fuer-halloween","status":"publish","type":"post","link":"https:\/\/buchundgewitter.de\/?p=2468","title":{"rendered":"Meine B\u00fccher f\u00fcr Hallowe&#8217;en"},"content":{"rendered":"<p><img loading=\"lazy\" decoding=\"async\" class=\"wp-image-2541 size-full\" src=\"https:\/\/buchundgewitter.de\/wp-content\/uploads\/2018\/10\/4BF42210-BBFA-469A-8B69-7EA9C862EBE8.jpeg\" alt=\"\" width=\"4160\" height=\"2295\" srcset=\"https:\/\/buchundgewitter.de\/wp-content\/uploads\/2018\/10\/4BF42210-BBFA-469A-8B69-7EA9C862EBE8.jpeg 4160w, https:\/\/buchundgewitter.de\/wp-content\/uploads\/2018\/10\/4BF42210-BBFA-469A-8B69-7EA9C862EBE8-300x166.jpeg 300w, https:\/\/buchundgewitter.de\/wp-content\/uploads\/2018\/10\/4BF42210-BBFA-469A-8B69-7EA9C862EBE8-768x424.jpeg 768w, https:\/\/buchundgewitter.de\/wp-content\/uploads\/2018\/10\/4BF42210-BBFA-469A-8B69-7EA9C862EBE8-700x386.jpeg 700w\" sizes=\"auto, (max-width: 4160px) 100vw, 4160px\" \/><\/p>\n<p>Eigentlich wollte ich diesen Post schon vor einer Woche ver\u00f6ffentlichen. Aber irgendwie gefiehl er mir noch nicht wirklich. Es soll um B\u00fccher gehen, die ich f\u00fcr Halloween gut finde und selber lesen w\u00fcrde, dabei ist f\u00fcr jeden &#8211; meiner Meinung nach zumindest &#8211; was dabei. Weil ich aber nicht belehrend klingen m\u00f6chte und selber nur die H\u00e4lfte der B\u00fccher kenne, kann ich sie nicht empfehlen und &#8230; Ja. Vielleicht versteht ihr mein Dilemma.<\/p>\n<p>Deswegen verlege ich mich darauf, sie einfach nur vorzustellen. Das mag zwar etwas knapp und kurzfristig sein, aber f\u00fcr Interessierte gibt es ja die schnelle eBook-Variante und wer sagt eigentlich, dass Halloween nur an einem Tag in Jahr sein kann? Weihnachten plustern wir ja auch auf mindestens anderthalb Monate auf\u00a0 (Den Superm\u00e4rkten nach, geht es ja eigentlich schon im September los.), warum also kann man nicht einfach Halloween feiern, wenn man sich danach f\u00fchlt?<\/p>\n<p>Ich freue mich schon am ersten November (offensichtlich nicht mehr &#8222;Halloween&#8220;) abends meine ganzen Kerzen anzuz\u00fcnden, mich in meine Kuscheldecke zu m\u00fcmmeln und bei flackerndem Kerzenlicht in einem Buch zu schm\u00f6kern. Und jetzt zu den B\u00fcchern.<\/p>\n<hr \/>\n<p><strong><span style=\"color: #993300;\"><em>Frankenstein<\/em><\/span><\/strong> von Mary Shelley<\/p>\n<p><img loading=\"lazy\" decoding=\"async\" class=\"wp-image-2542 size-medium alignright\" src=\"https:\/\/buchundgewitter.de\/wp-content\/uploads\/2018\/10\/EA66D8AF-1754-4240-9747-0885D49F8B3D-300x300.jpeg\" alt=\"\" width=\"300\" height=\"300\" srcset=\"https:\/\/buchundgewitter.de\/wp-content\/uploads\/2018\/10\/EA66D8AF-1754-4240-9747-0885D49F8B3D-300x300.jpeg 300w, https:\/\/buchundgewitter.de\/wp-content\/uploads\/2018\/10\/EA66D8AF-1754-4240-9747-0885D49F8B3D-150x150.jpeg 150w, https:\/\/buchundgewitter.de\/wp-content\/uploads\/2018\/10\/EA66D8AF-1754-4240-9747-0885D49F8B3D-768x768.jpeg 768w, https:\/\/buchundgewitter.de\/wp-content\/uploads\/2018\/10\/EA66D8AF-1754-4240-9747-0885D49F8B3D-700x700.jpeg 700w, https:\/\/buchundgewitter.de\/wp-content\/uploads\/2018\/10\/EA66D8AF-1754-4240-9747-0885D49F8B3D-425x425.jpeg 425w, https:\/\/buchundgewitter.de\/wp-content\/uploads\/2018\/10\/EA66D8AF-1754-4240-9747-0885D49F8B3D-1280x1280.jpeg 1280w\" sizes=\"auto, (max-width: 300px) 100vw, 300px\" \/><\/p>\n<p>Dieses Buch landete auf meinem Halloween SuB, weil es in kurzer Zeit zu oft in meinem Leben auftauchte und zwar immer mit der Begr\u00fcndung ein \u00fcberraschend (guter) Klassiker zu sein. Da ist sonst eher zu der Anti-Grusel-Fraktion z\u00e4hle, traue ich mich auch nur an Halloween an dieses Buch heran, weil ich da tats\u00e4chlich mal ein klitzekleines bisschen Lust auf Grusel habe. Die Handlung d\u00fcrfte durch diverse Verfilmungen und Adaptionen bekannt sein, ein Mann namens Frankenstein versucht Leben zu erschaffen. Spoiler: Es geht schief. Mehr wei\u00df ich auch nicht wirklich, aber ich w\u00fcrde mich gerne \u00fcberraschen lassen. Ein bisschen gruselig &#8211; besser: SEHR &#8211; finde ich das Konzept ja schon, besonders da ich letztes Jahr ein Buch gelesen habe (f\u00fcr die Uni) wo jemand etwas \u00e4hnliches wie Dr. Frankenstein versucht. Nur mit einem bereits toten Frauenk\u00f6rper und dem Gehirn des Babys der toten Frau. (Falls jemand daran Interesse hat: <em>Poor Things<\/em> von Alisdair Grey)<\/p>\n<hr \/>\n<p><em><strong><span style=\"color: #993300;\">Something Strange and Deadly<\/span><\/strong><\/em> von Susan Dennard<\/p>\n<p><img loading=\"lazy\" decoding=\"async\" class=\"size-medium wp-image-2543 alignleft\" src=\"https:\/\/buchundgewitter.de\/wp-content\/uploads\/2018\/10\/7CB625AD-549F-42C9-9380-C33071E4730B-300x300.jpeg\" alt=\"\" width=\"300\" height=\"300\" srcset=\"https:\/\/buchundgewitter.de\/wp-content\/uploads\/2018\/10\/7CB625AD-549F-42C9-9380-C33071E4730B-300x300.jpeg 300w, https:\/\/buchundgewitter.de\/wp-content\/uploads\/2018\/10\/7CB625AD-549F-42C9-9380-C33071E4730B-150x150.jpeg 150w, https:\/\/buchundgewitter.de\/wp-content\/uploads\/2018\/10\/7CB625AD-549F-42C9-9380-C33071E4730B-768x768.jpeg 768w, https:\/\/buchundgewitter.de\/wp-content\/uploads\/2018\/10\/7CB625AD-549F-42C9-9380-C33071E4730B-700x700.jpeg 700w, https:\/\/buchundgewitter.de\/wp-content\/uploads\/2018\/10\/7CB625AD-549F-42C9-9380-C33071E4730B-425x425.jpeg 425w, https:\/\/buchundgewitter.de\/wp-content\/uploads\/2018\/10\/7CB625AD-549F-42C9-9380-C33071E4730B-1280x1280.jpeg 1280w\" sizes=\"auto, (max-width: 300px) 100vw, 300px\" \/>Das Susan Dennard zu einer meiner Lieblingsautorinnen z\u00e4hlt, sollte kein Geheimnis mehr sein, ich finde sie als Person einfach sehr sympathisch und bisher konnten mich ihre B\u00fccher auch immer begeistern. (Zwar mal mehr und mal weniger, aber begeistert war ich dennoch.) Hierbei handelt es sich um einen Young Adult Roman, den ich im Februar gelesen habe, wo die Details aber schon etwas verschwommen sind. Tats\u00e4chlich gibt es hier sehr viele Details, da es sich um einen Mischung aus historischem Roman und Zombies handelt, etwas, von dem ich nicht dachte, dass es mir gefallen w\u00fcrde. Aber siehe da, das hat es doch und die wunderbare Welt von Eleanor Fitt und den Spirit Hunters will ich nicht l\u00e4nger f\u00fcr mich behalten. Ein paar Fakten:<\/p>\n<p><strong>Philadelphia, w\u00e4hrend der ersten Weltausstellung (Irgendwann 18. Jahrhundert): Eleanor Fitts Familie ist seit dem Tod des Vaters dem Ruin nahe, die Mutter mag das nicht wahr haben und der Bruder ist auf Weltreise. Eleanor will gerade ein Telegram von ihrem Bruder am Bahnhof abholen, als die Toten kommen. Bereits seit geraumer Zeit stehen die Toten vom Laurel Hill Friedhof wieder auf und terrorisieren die Stadt. Aber alles wird nur noch verwirrender, als einer der Toten Eleanor das Telegram ihres Bruders \u00fcberreicht. Bedeutet das, Elijah ist ein Gefangener der Toten?<\/strong><\/p>\n<p>In diesem Buch kombiniert die Autorin Steampunk, schwarze Magie, Geschichte und eine starke junge Frau zu einer spannenden Geschichte. Ein kleines Team von Wissenschaftlern versucht der Ursache der Zombies nahe zu kommen und dabei entpuppt sich Eleanors Familie als tief verstrickt in die Geschehnisse. Obwohl ich manchmal den Schreibstil noch etwas bem\u00e4ngeln konnte, mochte ich die Story sehr, besonders weil Eleanor sich trotz der schwachen Stellung der damaligen Zeit der Frauen nichts gefallen lie\u00df, ohne dabei als M\u00e4nnerschreck zu enden. Bisher gibt es das Buch nur auf Englisch, allerdings halte ich es f\u00fcr recht einfach zu lesen.<\/p>\n<hr \/>\n<p><em><strong><span style=\"color: #993300;\">The Dreadful Tale of Prosper Redding<\/span><\/strong><\/em> von Alexandra Bracken\u00a0<img loading=\"lazy\" decoding=\"async\" class=\"size-medium wp-image-2544 alignright\" src=\"https:\/\/buchundgewitter.de\/wp-content\/uploads\/2018\/10\/8283D279-F0EB-42BF-A227-B17C5CC28A26-300x300.jpeg\" alt=\"\" width=\"300\" height=\"300\" srcset=\"https:\/\/buchundgewitter.de\/wp-content\/uploads\/2018\/10\/8283D279-F0EB-42BF-A227-B17C5CC28A26-300x300.jpeg 300w, https:\/\/buchundgewitter.de\/wp-content\/uploads\/2018\/10\/8283D279-F0EB-42BF-A227-B17C5CC28A26-150x150.jpeg 150w, https:\/\/buchundgewitter.de\/wp-content\/uploads\/2018\/10\/8283D279-F0EB-42BF-A227-B17C5CC28A26-768x768.jpeg 768w, https:\/\/buchundgewitter.de\/wp-content\/uploads\/2018\/10\/8283D279-F0EB-42BF-A227-B17C5CC28A26-700x700.jpeg 700w, https:\/\/buchundgewitter.de\/wp-content\/uploads\/2018\/10\/8283D279-F0EB-42BF-A227-B17C5CC28A26-425x425.jpeg 425w, https:\/\/buchundgewitter.de\/wp-content\/uploads\/2018\/10\/8283D279-F0EB-42BF-A227-B17C5CC28A26-1280x1280.jpeg 1280w\" sizes=\"auto, (max-width: 300px) 100vw, 300px\" \/><\/p>\n<p>Ja, ihr habt richtig gelesen. <em>Schon wieder<\/em> eine Buch von Alex Bracken. Diese Autorin geistert seit Beginn des Jahres auf meinem Blog herum, obwohl ich dieses Buch schon letzten September gelesen habe. Die Geschichte von Prosper ist im Middlegrade-Genre einzuordnen, also so wie Percy Jackson auch.<\/p>\n<p><strong>Unser Protagonist Prosper ist der j\u00fcngste einer gro\u00dfen Familie von Siedlern, die sehr stolz darauf ist in einem Ort zu leben, dessen sie sich die Gr\u00fcnder r\u00fchmen k\u00f6nnen. Erdr\u00fcckt von Tradition fristet Prosper das Leben eines Au\u00dfenseiters, bis eines Tages er und seine Schwester getestet werden. Denn dir Gr\u00fcndung der Stadt Redhood ist nicht ganz reibungslos verlaufen und die Familie Redding schloss einen Vertrag mit einem D\u00e4mon. Dieser D\u00e4mon versucht nach vielen Jahren sich zu r\u00e4chen und f\u00e4hrt daf\u00fcr ausgerechnet in Prospers K\u00f6rper. <\/strong><\/p>\n<p>An diesem Buch mag ich einfach alles. Alexandra Bracken kreiert\u00a0 die wunderbarste Herbstatmosph\u00e4re, die man sich w\u00fcnschen kann. Redhood feiert Halloween \u00fcbrigens auch sehr gro\u00df und \u00fcberall gibt es Spuckh\u00e4user und Dekorationen. Zudem ist es als Middlegrade-Roman ausgesprochen witzig (Stellt euch einen etwas altbackenden D\u00e4mon vor, der von Ampeln und Smartphones, Plastikdeko und aufblasbaren Figuren noch nie was geh\u00f6rt hat und eigentlich keinen Plan von der modernen Welt hat. Und jetzt stellt euch vor, wie er pl\u00f6tzlich mit all dem konfrontiert wird und es ausgesprochen ernst nimmt.), dieses Buch ist eher was f\u00fcr die Angsthasen, da es kein bisschen gruselig ist. H\u00f6chstens ein bisschen G\u00e4nsehaut erzeugend. Aber eine gute G\u00e4nsehaut.<\/p>\n<hr \/>\n<p><span style=\"color: #993300;\"><em><strong>This Savage Song<\/strong><\/em><\/span> von Victoria Schwab<\/p>\n<p><img loading=\"lazy\" decoding=\"async\" class=\"alignleft size-medium wp-image-2545\" src=\"https:\/\/buchundgewitter.de\/wp-content\/uploads\/2018\/10\/9C52C0AE-33E9-43D9-99DA-273EF5C51F70-300x300.jpeg\" alt=\"\" width=\"300\" height=\"300\" srcset=\"https:\/\/buchundgewitter.de\/wp-content\/uploads\/2018\/10\/9C52C0AE-33E9-43D9-99DA-273EF5C51F70-300x300.jpeg 300w, https:\/\/buchundgewitter.de\/wp-content\/uploads\/2018\/10\/9C52C0AE-33E9-43D9-99DA-273EF5C51F70-150x150.jpeg 150w, https:\/\/buchundgewitter.de\/wp-content\/uploads\/2018\/10\/9C52C0AE-33E9-43D9-99DA-273EF5C51F70-768x768.jpeg 768w, https:\/\/buchundgewitter.de\/wp-content\/uploads\/2018\/10\/9C52C0AE-33E9-43D9-99DA-273EF5C51F70-700x700.jpeg 700w, https:\/\/buchundgewitter.de\/wp-content\/uploads\/2018\/10\/9C52C0AE-33E9-43D9-99DA-273EF5C51F70-425x425.jpeg 425w, https:\/\/buchundgewitter.de\/wp-content\/uploads\/2018\/10\/9C52C0AE-33E9-43D9-99DA-273EF5C51F70-1280x1280.jpeg 1280w\" sizes=\"auto, (max-width: 300px) 100vw, 300px\" \/>Dieses Buch ist wahrscheinlich vielen schon bekannt, seit kurzem gibt es auch die \u00dcbersetzung beim <a href=\"https:\/\/www.loewe-verlag.de\/titel-0-0\/monsters_of_verity_dieses_wilde_wilde_lied-8737\/\">Loewe-Verlag (Monsters of Verity: Dieses wilde, wilde Lied)<\/a>. Bei mir steht es auch schon eine Weile im Regal und ich finde die Pr\u00e4misse von Monstern, die die Boshaftigkeit der Menschen spiegeln, faszinierend. Und mehr wei\u00df ich \u00fcber das Buch noch nicht, haha. Das ich es lesen m\u00f6chte liegt vor allem daran, dass die Autorin aus allen Ecken und Enden des Internets f\u00fcr ihre B\u00fccher &#8211; und zwar f\u00fcr alle ihre B\u00fccher &#8211; besungen wird. Das mag man Peerpressure nennen oder einfach ansteckende Begeisterung, ich will endlich diese Dilogie beginnen!<\/p>\n<hr \/>\n<p style=\"text-align: center;\">Was meint ihr, ist das eine gute Auswahl? Konnte ich euch vielleicht neugierig machen? Und welche B\u00fccher haltet ihr f\u00fcr das perfekte Halloween-Lesematerial? Ich w\u00fcnsche euch einen sch\u00f6nen Halloween-Abend!<\/p>\n","protected":false},"excerpt":{"rendered":"<p>Eigentlich wollte ich diesen Post schon vor einer Woche ver\u00f6ffentlichen. Aber irgendwie gefiehl er mir noch nicht wirklich. Es soll um B\u00fccher gehen, die ich f\u00fcr Halloween gut finde und selber lesen w\u00fcrde, dabei ist f\u00fcr jeden &#8211; meiner Meinung nach zumindest &#8211; was dabei. Weil ich aber nicht belehrend klingen m\u00f6chte und selber nur [&hellip;]<\/p>\n","protected":false},"author":1,"featured_media":2541,"comment_status":"open","ping_status":"open","sticky":false,"template":"","format":"standard","meta":{"_genesis_hide_title":false,"_genesis_hide_breadcrumbs":false,"_genesis_hide_singular_image":false,"_genesis_hide_footer_widgets":false,"_genesis_custom_body_class":"","_genesis_custom_post_class":"","_genesis_layout":"","footnotes":""},"categories":[3],"tags":[],"class_list":{"0":"post-2468","1":"post","2":"type-post","3":"status-publish","4":"format-standard","5":"has-post-thumbnail","7":"category-bookish","8":"entry"},"_links":{"self":[{"href":"https:\/\/buchundgewitter.de\/index.php?rest_route=\/wp\/v2\/posts\/2468","targetHints":{"allow":["GET"]}}],"collection":[{"href":"https:\/\/buchundgewitter.de\/index.php?rest_route=\/wp\/v2\/posts"}],"about":[{"href":"https:\/\/buchundgewitter.de\/index.php?rest_route=\/wp\/v2\/types\/post"}],"author":[{"embeddable":true,"href":"https:\/\/buchundgewitter.de\/index.php?rest_route=\/wp\/v2\/users\/1"}],"replies":[{"embeddable":true,"href":"https:\/\/buchundgewitter.de\/index.php?rest_route=%2Fwp%2Fv2%2Fcomments&post=2468"}],"version-history":[{"count":8,"href":"https:\/\/buchundgewitter.de\/index.php?rest_route=\/wp\/v2\/posts\/2468\/revisions"}],"predecessor-version":[{"id":2549,"href":"https:\/\/buchundgewitter.de\/index.php?rest_route=\/wp\/v2\/posts\/2468\/revisions\/2549"}],"wp:featuredmedia":[{"embeddable":true,"href":"https:\/\/buchundgewitter.de\/index.php?rest_route=\/wp\/v2\/media\/2541"}],"wp:attachment":[{"href":"https:\/\/buchundgewitter.de\/index.php?rest_route=%2Fwp%2Fv2%2Fmedia&parent=2468"}],"wp:term":[{"taxonomy":"category","embeddable":true,"href":"https:\/\/buchundgewitter.de\/index.php?rest_route=%2Fwp%2Fv2%2Fcategories&post=2468"},{"taxonomy":"post_tag","embeddable":true,"href":"https:\/\/buchundgewitter.de\/index.php?rest_route=%2Fwp%2Fv2%2Ftags&post=2468"}],"curies":[{"name":"wp","href":"https:\/\/api.w.org\/{rel}","templated":true}]}}