{"id":2367,"date":"2018-10-08T17:48:20","date_gmt":"2018-10-08T15:48:20","guid":{"rendered":"https:\/\/buchundgewitter.de\/?p=2367"},"modified":"2025-07-20T11:25:20","modified_gmt":"2025-07-20T09:25:20","slug":"septemberbuecher","status":"publish","type":"post","link":"https:\/\/buchundgewitter.de\/?p=2367","title":{"rendered":"Septemberb\u00fccher"},"content":{"rendered":"<p><img loading=\"lazy\" decoding=\"async\" class=\"wp-image-2399 size-large\" src=\"https:\/\/buchundgewitter.de\/wp-content\/uploads\/2018\/10\/2018-10-08-05.10.03-1-700x393.jpg\" alt=\"\" width=\"700\" height=\"393\" srcset=\"https:\/\/buchundgewitter.de\/wp-content\/uploads\/2018\/10\/2018-10-08-05.10.03-1-700x393.jpg 700w, https:\/\/buchundgewitter.de\/wp-content\/uploads\/2018\/10\/2018-10-08-05.10.03-1-300x168.jpg 300w, https:\/\/buchundgewitter.de\/wp-content\/uploads\/2018\/10\/2018-10-08-05.10.03-1-768x431.jpg 768w\" sizes=\"auto, (max-width: 700px) 100vw, 700px\" \/><\/p>\n<p style=\"text-align: center;\">Auch wenn die Phrase langsam alt wird &#8211; Wie kann es schon Oktober sein?! In einer Wochen beginnt das neue Semester und ich will doch noch so viele B\u00fccher lesen! (Wie endlich mal die Throne of Glass Reihe beenden, fehlen ja nur noch 2\u00a0\u00bd B\u00fccher und alle Weitseher-Chroniken UND Lord of Shadows!) Manchmal vermisse ich die eint\u00f6nigen Tage meiner Schulzeit, wo ich mich nur um Hausaufgaben und ein aufger\u00e4umtes Zimmer k\u00fcmmern musste wirklich sehr. Gerade dann, wenn dir die Zeit davon l\u00e4uft. Sobald man von Zuhause auszieht gibt es pl\u00f6tzlich so viel mehr, was man t\u00e4glich erledigen und bedenken muss (Essen, saubere W\u00e4sche, Essen, Rechnungen!), dass die Zeit nur so rast. Und gerast ist der September.<\/p>\n<hr \/>\n<p><span style=\"color: #993300;\"><strong>The Darkest Legacy<\/strong><\/span> &#8211; Alexandra Bracken<\/p>\n<p>Mein Monat h\u00e4tte mit keinem besseren Buch beginnen k\u00f6nnen. Wenn die Vorbestellungs-Goodies nicht bei mir angekommen w\u00e4ren, h\u00e4tte ich dieses Buch wohl noch eine ganze Weile aufgeschoben, weil ich es sozusagen *fl\u00fcstert* vergessen hatte. (Als ich die Post aus den USA aus dem Briefkasten geholt habe, habe ich mich panisch gefragt ob da a) eine Briefbombe drin ist oder b) ich irgendwas bestellt und dann vergessen habe.) Hier erz\u00e4hlt Zu die Geschichte und berichtet von ihren Erfahrungen in der Welt der Psi nach<em> In the Afterlight<\/em>. Denn die Welt ist keinesfalls perfekt geworden, vielmehr ist das totale Gegenteil eingetreten. Den Psi werden kontinuierlich mehr Recht entzogen, einzig weil sie so m\u00e4chtig sind und Zu beginnt das Buch als Sprachrohr der Regierung. Wieder beweist die Autorin wie gut ihre B\u00fccher auf die aktuelle politische Lage \u00fcbertragen werden k\u00f6nnen, ich war hin und weg und habe das Buch innerhalb weniger Tage verschlungen. (Mein armer Papa musst oftmals mit den Mahlzeiten auf mich warten, weil ich\u00a0dieses Kapitel noch beenden musste, hehe.) Sobald ich In the Afterlight erneut gelesen und rezensiert habe, kommt diese Rezension, weil dieses Buch AWESOME ist.<\/p>\n<p><span style=\"color: #993300;\"><strong>Save Us<\/strong><\/span> &#8211; Mona Kasten<\/p>\n<p>Tjahaaaa. Der abschlie\u00dfende Teil der Maxton-Hall-Reihe ist bereits <a href=\"https:\/\/buchundgewitter.de\/2018\/09\/03\/save-us-von-mona-kasten\/\">rezensiert<\/a>, dennoch will ich ein paar Worte dazu schreiben. Ich mochte, dass die Autorin das erwartete Schema aufgebrochen hat, den Figuren Raum und Zeit gegeben hat sich zu entwickeln. Obwohl manche Erz\u00e4hlperspektiven wirkten, als wenn sie keinen Zweck hatten, mochte ich sie dennoch, weil ich die Figuren mochte. F\u00fcr mich war es ein toller Abschluss, dennoch werde ich wahrscheinlich keine \u00e4hnlichen Romane mehr lesen wollen, das ist mir einfach zu viel k\u00fcnstliches Drama.<\/p>\n<p><strong><span style=\"color: #993300;\">Kein Kuss wie dieser<\/span><\/strong> &#8211; Tanja Voosen<\/p>\n<p>Es ist lange her, dass ich etwas von Tanja Voosen gelesen hatte, aber nach den vorherigen aufw\u00fchlenden B\u00fcchern brauchte ich etwas leichteres. Ich gebe zu, dass ich die Protagonistin Jessa manchmal nicht verstanden habe, sie ist mir pers\u00f6nlich zu viele unn\u00f6tige Risiken eingegangen und war manchmal etwas unreif, so cool und schlagfertig sie sonst auch war. Ein tolles Buch f\u00fcr zwischendurch, aber ich denke <em>Emily Lives Loudly<\/em> k\u00f6nnen wenige B\u00fccher \u00fcbertreffen.<\/p>\n<p><span style=\"color: #993300;\"><strong>Das Gold von Caxamalca<\/strong><\/span> &#8211; Jakob Wassermann<\/p>\n<p>September war auch der Monat, in dem ich meine erste Hausarbeit begonnen habe und mein Prim\u00e4rtext, den ich zu untersuchen habe, ist dieser hier. Recht grausam und sinnlos wird die Eroberung des Inkareiches durch die Spanier im 16. Jahrhundert beschrieben, was vor allem durch ihre Gier nach Gold gepr\u00e4gt war. Je l\u00e4nger ich mich mit dem Buch besch\u00e4ftige, desto spannender wurde es, jedoch kann man wirklich jedes Buch totanalysieren. Auf Seiten der Spanier ist das Buch tats\u00e4chlich sehr akkurat, wer also Lust auf ein bisschen Geschichte hat, der kann da gerne mal reinschnuppern, es hat auch nur knapp 60 Seiten.<\/p>\n<p><strong><span style=\"color: #993300;\">Ein Sommer auf gut Gl\u00fcck<\/span><\/strong> &#8211; Morgan Matson<\/p>\n<p>Dieses rund 700 Seiten starke Buch war mein erster Roman der Autorin und ich mochte ihn sehr. Obwohl Andie und Clark als das Liebespaar im Klappentext betont werden, ist diese Geschichte auch sehr durch Freundschaft und Familie gepr\u00e4gt, da Andie mit ihrem Politiker-Dad in den letzten Jahren wenig ehrlichen Kontakt hatte. Auch ihre Freundinnengruppe steht in dem Buch einigen Problemen gegen\u00fcber und allgemein l\u00e4uft wenig so, wie Andie sich das gedacht hat. Ich mochte sehr, wie realistisch das Buch war, wie Andie sich in ihre Fehler verstrickt hat und daraus lernen musste. Es ist recht gem\u00e4chlich, aber Sommertage sind ja \u00f6fter mal tr\u00e4ge, weswegen es perfekt zu einem Tag am Pool passt (An manchen Tagen k\u00f6nnte man das ja noch im Oktober machen). Meine Rezension dazu gibt es <a href=\"https:\/\/buchundgewitter.de\/2018\/09\/14\/ein-sommer-auf-gut-glueck-von-morgan-matson\/\">hier.<\/a><\/p>\n<p><strong><span style=\"color: #993300;\">Redwood Love: Es beginnt mit einem Blick<\/span><\/strong> &#8211; Kelly Moran<\/p>\n<p>Das ist Dank des #Litnetzwerkes mein wohl meist gelesener und kommentierter Beitrag im Monat gewesen (Vielen Dank!) und ich habe das Buch geliebt. Meine <a href=\"https:\/\/buchundgewitter.de\/2018\/09\/19\/redwood-love-es-beginnt-mit-einem-blick-von-kelly-moran\/\">Rezension<\/a> dazu ist online und ich kann es euch nur w\u00e4rmstens ans Herz legen. Es ist eine Geschichte die ohne viel Drama, daf\u00fcr mit vielen Tieren auskommt und nebenbei auch noch Autismus sehr sch\u00f6n darstellt.<\/p>\n<p><strong><span style=\"color: #993300;\">Wicker King<\/span><\/strong> &#8211; Kayla Ancrum<\/p>\n<p>Ein Buch, das Ende September in aller Munde war und das definitiv verdient hat. Meine vielleicht-nicht-super-ausf\u00fchrliche-daf\u00fcr-sehr-emotionale-Rezension dazu findet ihr<a href=\"https:\/\/buchundgewitter.de\/2018\/09\/29\/wicker-king-von-kayla-ancrum\/\"> hier,<\/a> lest es bitte! Hier geht es um Mental Health, Freundschaft und so viel mehr, dass mir die Luft weggeblieben ist, so komplex war das Buch. (Und tagelang konnte ich es nicht vergessen, so sehr hat es mich beeindruckt und auch erschreckt.)<\/p>\n<p><strong><span style=\"color: #993300;\">Das steinerne Schloss<\/span><\/strong> &#8211; Anna Weydt<\/p>\n<p>Dieses Buch muss wohl mein Flop des Monats sein. Es war nicht schlecht, hat aber meinen Anspr\u00fcchen nicht gen\u00fcgt. (Was leider nicht ganz seine Schuld war, ich habe parallel Herr der Ringe gelesen und damit kann selten ein Buch mithalten.) Es war mir zu stereotypisch, zu vorhersehbar und wenig originell. Trotz der Supernatural-Atmosph\u00e4re haben mir immer wieder Erkl\u00e4rungen und Hintergr\u00fcnde gefehlt und ich war beim Lesen einfach unzufrieden. Mehr dazu in meiner <a href=\"https:\/\/buchundgewitter.de\/2018\/09\/23\/das-steinerne-schloss-von-anna-weydt\/\">Rezension<\/a>, wenn es euch interessiert.<\/p>\n<p><span style=\"color: #993300;\"><strong>Die Gef\u00e4hrten\u00a0<\/strong><\/span>&#8211; J. R. R. Tolkien<\/p>\n<p>Nachdem meine kleine Schwester im August Herr der Ringe angefangen hat (Mit 14!), musste ich nat\u00fcrlich mitziehen, allerdings ist aus meinem geplanten schwesterlichen Read-a-thon nichts geworden, weil sie viel schneller fertig war, als ich. Hrmpf. Obwohl ich die erste H\u00e4lfte der Gef\u00e4hrten rasch weglesen konnte, musste ich dann f\u00fcr die Uni immer wieder unterbrechen und irgendwann habe ich mich nicht mehr getraut, das Buch aufzuschlagen, weil ich mich festlesen k\u00f6nnte. Denn ich liebe Tolkiens Schreibstil und Weltenbau total (Egal was ihr \u00fcber Hobbits sagt, ich finde die 30 Seiten zu Beginn gro\u00dfartig und k\u00f6nnte stundenlang &#8211; naja, nicht ganz &#8211; von ihrem gem\u00fctlichen Leben lesen.) und bin gerade sehr sauer, dass man f\u00fcr die Filme die Hobbits wesentlich d\u00fcmmer gemacht hat, als sie im Buch waren. Allgemein fand ich all die neuen Details, die das Lesen mit sich brachte wunderbar, so eine Welt will ich auch mal erschaffen. Ich freue mich schon sehr darauf die Gef\u00e4hrten in<em> Die zwei T\u00fcrme<\/em> und <em>Die R\u00fcckkehr des K\u00f6nigs<\/em> wiederzusehen, aber das muss wohl noch ein Weilchen warten, weil ich so viel anderes zu tun\/lesen habe. Vielleicht an Weihnachten &#8230; oder Silvester.<\/p>\n<hr \/>\n<p style=\"text-align: center;\">Ich habe den Monat mit einem kurzen Urlaub mit meinem Papa und dem Wohnmobil begonnen und es war wundersch\u00f6n &#8211; und lie\u00df viel Zeit zum lesen. Ich habe zu viel \u00fcber Geschichte und Kriegsmaschinerie des zweiten Weltkrieges gelernt (Es gibt nichts gruseligeres als einen funktionierenden Panther-Panzer! Die Jungs und M\u00e4nner die das grinsend betrachtet haben, h\u00e4tte ich am liebsten geschlagen, weil all den Toten des 2. WK das bestimmt nicht zum grinsen war, als so ein Ding in ihr Dorf gerollt ist. Sie quietschen \u00fcbrigens f\u00fcrchterlich.), Mamma Mia 2 im Kino gesehen und die Stunts in Mission Impossible zu sch\u00e4tzen gelernt (Aber auch nur die Stunts, Figuren und Handlung sind eher m\u00e4h). Wieder in meiner WG habe ich mich mit meiner ersten Hausarbeit befasst, einen neuen Job angenommen und eine Leberfleck-OP f\u00fcr Januar vereinbart. Yippie, man wird mir am Kopf rumschnippeln! September war also vollgepackter als von mir geplant und deswegen bin ich mit meinen gelesenen B\u00fcchern doch sehr zufrieden (7 Printb\u00fccher und 2 eBook). Wie habt ihr den Herbst eingel\u00e4utet?<\/p>\n","protected":false},"excerpt":{"rendered":"<p>Auch wenn die Phrase langsam alt wird &#8211; Wie kann es schon Oktober sein?! In einer Wochen beginnt das neue Semester und ich will doch noch so viele B\u00fccher lesen! (Wie endlich mal die Throne of Glass Reihe beenden, fehlen ja nur noch 2\u00a0\u00bd B\u00fccher und alle Weitseher-Chroniken UND Lord of Shadows!) Manchmal vermisse ich [&hellip;]<\/p>\n","protected":false},"author":1,"featured_media":2399,"comment_status":"open","ping_status":"open","sticky":false,"template":"","format":"standard","meta":{"_genesis_hide_title":false,"_genesis_hide_breadcrumbs":false,"_genesis_hide_singular_image":false,"_genesis_hide_footer_widgets":false,"_genesis_custom_body_class":"","_genesis_custom_post_class":"","_genesis_layout":"","footnotes":""},"categories":[9],"tags":[],"class_list":{"0":"post-2367","1":"post","2":"type-post","3":"status-publish","4":"format-standard","5":"has-post-thumbnail","7":"category-9","8":"entry"},"_links":{"self":[{"href":"https:\/\/buchundgewitter.de\/index.php?rest_route=\/wp\/v2\/posts\/2367","targetHints":{"allow":["GET"]}}],"collection":[{"href":"https:\/\/buchundgewitter.de\/index.php?rest_route=\/wp\/v2\/posts"}],"about":[{"href":"https:\/\/buchundgewitter.de\/index.php?rest_route=\/wp\/v2\/types\/post"}],"author":[{"embeddable":true,"href":"https:\/\/buchundgewitter.de\/index.php?rest_route=\/wp\/v2\/users\/1"}],"replies":[{"embeddable":true,"href":"https:\/\/buchundgewitter.de\/index.php?rest_route=%2Fwp%2Fv2%2Fcomments&post=2367"}],"version-history":[{"count":6,"href":"https:\/\/buchundgewitter.de\/index.php?rest_route=\/wp\/v2\/posts\/2367\/revisions"}],"predecessor-version":[{"id":2401,"href":"https:\/\/buchundgewitter.de\/index.php?rest_route=\/wp\/v2\/posts\/2367\/revisions\/2401"}],"wp:featuredmedia":[{"embeddable":true,"href":"https:\/\/buchundgewitter.de\/index.php?rest_route=\/wp\/v2\/media\/2399"}],"wp:attachment":[{"href":"https:\/\/buchundgewitter.de\/index.php?rest_route=%2Fwp%2Fv2%2Fmedia&parent=2367"}],"wp:term":[{"taxonomy":"category","embeddable":true,"href":"https:\/\/buchundgewitter.de\/index.php?rest_route=%2Fwp%2Fv2%2Fcategories&post=2367"},{"taxonomy":"post_tag","embeddable":true,"href":"https:\/\/buchundgewitter.de\/index.php?rest_route=%2Fwp%2Fv2%2Ftags&post=2367"}],"curies":[{"name":"wp","href":"https:\/\/api.w.org\/{rel}","templated":true}]}}