{"id":2307,"date":"2018-09-18T14:00:12","date_gmt":"2018-09-18T12:00:12","guid":{"rendered":"https:\/\/buchundgewitter.de\/?p=2307"},"modified":"2018-09-18T21:02:55","modified_gmt":"2018-09-18T19:02:55","slug":"buch-vs-film-the-darkest-minds-die-ueberlebenden","status":"publish","type":"post","link":"https:\/\/buchundgewitter.de\/?p=2307","title":{"rendered":"Buch vs. Film: The Darkest Minds &#8211; Die \u00dcberlebenden"},"content":{"rendered":"<p><img loading=\"lazy\" decoding=\"async\" class=\"wp-image-2308 aligncenter size-large\" src=\"https:\/\/buchundgewitter.de\/wp-content\/uploads\/2018\/09\/the-darkest-minds-blogbusters-filmdatenbank-700x266.png\" alt=\"\" width=\"700\" height=\"266\" srcset=\"https:\/\/buchundgewitter.de\/wp-content\/uploads\/2018\/09\/the-darkest-minds-blogbusters-filmdatenbank-700x266.png 700w, https:\/\/buchundgewitter.de\/wp-content\/uploads\/2018\/09\/the-darkest-minds-blogbusters-filmdatenbank-300x114.png 300w, https:\/\/buchundgewitter.de\/wp-content\/uploads\/2018\/09\/the-darkest-minds-blogbusters-filmdatenbank-768x292.png 768w, https:\/\/buchundgewitter.de\/wp-content\/uploads\/2018\/09\/the-darkest-minds-blogbusters-filmdatenbank.png 828w\" sizes=\"auto, (max-width: 700px) 100vw, 700px\" \/>Am Montag, dem 17. September 2018 habe ich mir meine beste Freundin geschnappt und einen Roadtrip nach W\u00fcrzburg gemacht. Das war ausgesprochen spontan, aber absolut n\u00f6tig, denn immerhin schw\u00e4rme ich auf diesem Blog seit April von Alexandra Bracken und den Psi-Kids und musste jetzt endlich mal den Kinofilm gucken!<\/p>\n<p>Jugendbuchverfilmungen sind seit einigen Jahren beliebtes Filmmaterial, allerdings auch sehr umstritten, da man Buchfans kaum zufrieden stellen kann. Eine absolut getreue Verfilmung ist selten m\u00f6glich und auch nur selten sinnvoll, da Buch und Film zwei verschiedene Medien sind. Wie mein Professor f\u00fcr Kommunikationswissenschaften so gerne sagt: Das Medium ist die Botschaft. Und Botschaften klingen durch verschiedene Medien auch unterschiedlich.<\/p>\n<p>Wenn man sich das einmal in Erinnerung ruft, kann man \u00c4nderungen an Plot und Figuren ein bisschen besser verkraften, besonders wenn das verfilmte Buch einem so lieb geworden ist, wie mir <em>The Darkest Minds<\/em>. Wer meine <a href=\"https:\/\/buchundgewitter.de\/2018\/05\/05\/the-darkest-minds\/\">Rezension<\/a> dazu nicht gelesen hat oder will, bekommt hier nochmal meine liebsten Aspekte in Kurzform: Ich mag die B\u00fccher f\u00fcr ihren historischen Kontext; die gewollten Fake News, die Ruby und ihre Begleiter davon abhalten in Frieden zu leben, sind ebenfalls sehr aktuell und ein gutes Beispiel daf\u00fcr, wie sehr Tatsachen durch Medien auch verdreht werden k\u00f6nnen. Abgesehen von dem Roadtripelement im ersten Buch und der wundersch\u00f6nen Freundschaft sind nat\u00fcrlich auch die psionischen Kr\u00e4fte der Figuren spannend.<\/p>\n<p>Ich war super gespannt und aufgeregt, als ich in den Film gegangen bin, meine Freundin musste sich S\u00e4tze wie &#8222;Hoffentlich haben sie es gut gemacht.&#8220; anh\u00f6ren und kleine Informationsschnipsel zum Buch ertragen, die mir gerade durch den Kopf geschossen sind.<\/p>\n<p><img loading=\"lazy\" decoding=\"async\" class=\"wp-image-2313 aligncenter size-large\" src=\"https:\/\/buchundgewitter.de\/wp-content\/uploads\/2018\/09\/a5078a92-bac9-4a3c-b56d-d7ab5493ecca.jpg\" width=\"1600\" height=\"750\" srcset=\"https:\/\/buchundgewitter.de\/wp-content\/uploads\/2018\/09\/a5078a92-bac9-4a3c-b56d-d7ab5493ecca.jpg 1600w, https:\/\/buchundgewitter.de\/wp-content\/uploads\/2018\/09\/a5078a92-bac9-4a3c-b56d-d7ab5493ecca-300x141.jpg 300w, https:\/\/buchundgewitter.de\/wp-content\/uploads\/2018\/09\/a5078a92-bac9-4a3c-b56d-d7ab5493ecca-768x360.jpg 768w, https:\/\/buchundgewitter.de\/wp-content\/uploads\/2018\/09\/a5078a92-bac9-4a3c-b56d-d7ab5493ecca-700x328.jpg 700w\" sizes=\"auto, (max-width: 1600px) 100vw, 1600px\" \/><\/p>\n<p>Der Film steigt sofort und sehr schnell in die Handlung ein, der Zuschauer bekommt innerhalb weniger Minuten in Form einer Nachrichtensendung alles relevante \u00fcber die Epidemie und Auswirkungen auf die Kinder in den U.S.A. geschildert. Zus\u00e4tzlich spricht die Hauptfigur Ruby (Amandla Stenberg) aus dem Off \u00fcber ihre pers\u00f6nlichen Erfahrung mit der Krankheit IAAN und erz\u00e4hlt wie sie in das allererste Camp (Thurmond), dass zur Erforschung der Krankheit eingerichtet wurde, gekommen ist.<\/p>\n<p>Nat\u00fcrlich kann man in einem 100-min\u00fctigen Film nicht alle tollen Momente aus der Buchvorlage einbringen und so wurden die wichtigsten Szenen \u00fcbernommen. Gerade das erste Treffen der Hauptfiguren war super umgesetzt worden, wodurch die Einf\u00fchrung der Figuren auch gleich sehr buchgetreu vonstatten ging. Wo an Waffle-House Fr\u00fchst\u00fccken gespart wurde, hat man daf\u00fcr die Szenen im Walmart etwas ausgebaut und den Figuren Zeit gegeben, um Spa\u00df zu haben und so wenigstens ein bisschen Normalit\u00e4t in ihr Leben zu bringen. Dabei ist auch eine richtig sch\u00f6ne Szene zwischen Ruby und Chubs entstanden, die sich ganz wunderbar angef\u00fchlt hat.<\/p>\n<p><img loading=\"lazy\" decoding=\"async\" class=\"wp-image-2314 aligncenter size-large\" src=\"https:\/\/buchundgewitter.de\/wp-content\/uploads\/2018\/09\/6156ead3-f4d8-4e2c-8db9-231beb37285b.jpg\" width=\"1600\" height=\"750\" srcset=\"https:\/\/buchundgewitter.de\/wp-content\/uploads\/2018\/09\/6156ead3-f4d8-4e2c-8db9-231beb37285b.jpg 1600w, https:\/\/buchundgewitter.de\/wp-content\/uploads\/2018\/09\/6156ead3-f4d8-4e2c-8db9-231beb37285b-300x141.jpg 300w, https:\/\/buchundgewitter.de\/wp-content\/uploads\/2018\/09\/6156ead3-f4d8-4e2c-8db9-231beb37285b-768x360.jpg 768w, https:\/\/buchundgewitter.de\/wp-content\/uploads\/2018\/09\/6156ead3-f4d8-4e2c-8db9-231beb37285b-700x328.jpg 700w\" sizes=\"auto, (max-width: 1600px) 100vw, 1600px\" \/><\/p>\n<p>Ein wenig wurde am Plott dennoch geschraubt, Chubs gr\u00fcn-sein musste nat\u00fcrlich irgendwie zum tragen kommen und so ist er derjenige, der f\u00fcr den Zuschauer die Verbindungen herstellt und als Erster versteht, was vorgeht. Das tut er mit seiner ganz eigenen Chubsigkeit.<\/p>\n<p>Au\u00dferdem ist Rubys Flucht aus Thurmond nicht ganz so reibungslos verlaufen, wie im Buch. Auch hier wurde ein bisschen am Plot gebastelt, damit die Geschichte am Ende runder wirkt.<\/p>\n<p>Apropos Ende: Da sollte man sich keinen Illusionen hingeben, ein bisschen was fehlte da schon. Allerdings war die weggelassene Szene f\u00fcr die Figuren nicht wirklich relevant, ich kann die \u00c4nderung gut nachvollziehen. Man hat versucht dem Ton des Endes treu zu bleiben, allerdings f\u00fchlte sich die letzte Szene sehr endg\u00fcltig an, sodass, sollte es keine Verfilmung von Band 2 geben, man als Zuschauer dennoch irgendwie ein akzeptables Ende hat.<\/p>\n<p>Eine der gr\u00f6\u00dferen \u00c4nderungen ist die Kategorisierung und Darstellung der F\u00e4higkeiten. Bereits im Trailer hat man gesehen, dass die Augen der Kinder in der jeweiligen Farbe aufleuchten, wenn sie ihre F\u00e4higkeiten benutzen. Das mag nur als kleine \u00c4nderung erscheinen, hat allerdings eine deutlich gr\u00f6\u00dfere Wirkung. Die Farben, nach denen man die F\u00e4higkeiten einstuft, wurden den Kindern im Buch von der Regierung willk\u00fcrlich verpasst, man hat sie so gebrandmarkt und ihnen einen Teil ihres Mensch-Seins abgesprochen. Durch das Einf\u00fcgen der leuchtenden Augen im Film wird dieses Vorgehen praktisch gerechtfertigt, weil die Kinder auf nat\u00fcrliche Weise in Kategorien eingeteilt wurden. Es wurde &#8222;weichgesp\u00fclt&#8220;, Kindgerecht gemacht, die Grausamkeit unter den Teppich gekehrt. Der Zuschauer glaubt, dass ein solches Einordnen von Menschen okay ist. Und genau das ist einer der wichtigsten Punkte, die das Buch zu widerlegen versucht. Durch eine \u00c4nderung, die dem Zuschauer helfen sollte, wird eine ganz falsche Botschaft gesendet. (Zudem wurde das Aufleuchten der Augen mit einem Soundeffekt unterlegt, was dem Ganzen den Charme einer flackernden Gl\u00fchbirne verleiht.)<\/p>\n<p><img loading=\"lazy\" decoding=\"async\" class=\"wp-image-2315 aligncenter size-large\" src=\"https:\/\/buchundgewitter.de\/wp-content\/uploads\/2018\/09\/5abb809b7e5ed.jpg\" width=\"1600\" height=\"750\" srcset=\"https:\/\/buchundgewitter.de\/wp-content\/uploads\/2018\/09\/5abb809b7e5ed.jpg 1600w, https:\/\/buchundgewitter.de\/wp-content\/uploads\/2018\/09\/5abb809b7e5ed-300x141.jpg 300w, https:\/\/buchundgewitter.de\/wp-content\/uploads\/2018\/09\/5abb809b7e5ed-768x360.jpg 768w, https:\/\/buchundgewitter.de\/wp-content\/uploads\/2018\/09\/5abb809b7e5ed-700x328.jpg 700w\" sizes=\"auto, (max-width: 1600px) 100vw, 1600px\" \/><\/p>\n<p>Eine weitere Ver\u00e4nderung ist die Ernsthaftigkeit von Liam Stewart (Harris Dickinson). Buchfans wundern sich jetzt vielleicht, denn Liam ist keinesfalls <strong>ernst<\/strong>. Nat\u00fcrlich hat auch er mal einen ernsteren Moment, aber sein Charakter hat w\u00e4hrend des Buches immer versucht gute Laune zu verbreiten, hat Witze gerissen, Chubs Pessimismus entgegengewirkt und war ein klasse gro\u00dfer Bruder f\u00fcr Zu. Er hat Ruby ein St\u00fcck Normalit\u00e4t gegeben. Liams Figur wurde im Film leider wesentlich ernster und erwachsener gemacht und so wurde die Chemie, die zwischen ihm und Ruby herrscht manipuliert und auch etwas ged\u00e4mpft. Obwohl man sich weitgehend an die Handlung gehalten hat, f\u00fchlten sich Szenen zwischen Ruby und Liam oft gewollt an, man hat ihre Liebesgeschichte in den Vordergrund ger\u00fcckt und keine Situation ungenutzt gelassen, um eine k\u00f6rperliche Anziehung anzudeuten. So wurde ihre ehrliche Freundschaft leider fast komplett weggelassen.<\/p>\n<p>Da ich hier gerade ziemlich negativ geworden bin, kommen jetzt ein paar Dinge, die ich sehr gemocht habe: Zu (Miya Cech) und Chubs (Skylan Brooks). Obwohl Chubs im Film ein Gr\u00fcner, anstatt Blau, wie es im Buch gewesen ist, ist hat man seinen Charakter so perfekt auf den Punkt getroffen, dass es f\u00fcr mich einige Szenen gerettet hat. Seine Kommentare, Abgekl\u00e4rtheit und Loyalit\u00e4t haben Rubys und Liams kitschige Momente \u00fcberschattet und Zu wurde ebenfalls richtig gut gecastet. Ihre s\u00fc\u00dfe Freundschaft mit Ruby wurde wundersch\u00f6n dargestellt, dass sie nicht geredet hat, hat im Film keinerlei negativen Effekt hinterlassen, da Zu durch Gesten und Mimik pr\u00e4sent genug war.<\/p>\n<p>Eine weitere \u00dcberraschung war f\u00fcr mich Clancy Gray, gespielt durch Patrick Gibson. Er stimmt nicht ganz mit der Buchvorlage \u00fcberein, aber das sind Kleinigkeiten, daf\u00fcr hat er Clancys Charakter genau auf den Kopf getroffen. Seinen Irrsinn konnte man hinter seinem L\u00e4cheln sehen, er war teilweise wirklich so gruselig, dass ich in meinen Sitz zu krabbeln versucht habe.<\/p>\n<p><img loading=\"lazy\" decoding=\"async\" class=\"wp-image-2316 aligncenter size-large\" src=\"https:\/\/buchundgewitter.de\/wp-content\/uploads\/2018\/09\/5abb7feb6eac0.jpg\" width=\"1600\" height=\"750\" srcset=\"https:\/\/buchundgewitter.de\/wp-content\/uploads\/2018\/09\/5abb7feb6eac0.jpg 1600w, https:\/\/buchundgewitter.de\/wp-content\/uploads\/2018\/09\/5abb7feb6eac0-300x141.jpg 300w, https:\/\/buchundgewitter.de\/wp-content\/uploads\/2018\/09\/5abb7feb6eac0-768x360.jpg 768w, https:\/\/buchundgewitter.de\/wp-content\/uploads\/2018\/09\/5abb7feb6eac0-700x328.jpg 700w\" sizes=\"auto, (max-width: 1600px) 100vw, 1600px\" \/><\/p>\n<p>Zudem war die Musik im Film sehr vorherrschend, manchmal fast ein bisschen zu laut. Musik kann die Stimmung einer Szene wesentlich beeinflussen und was an Gespr\u00e4chen zwischen den Figuren gestrichen worden ist, wurde zumindest durch die Musik versucht zu vermitteln. Sowas muss man nat\u00fcrlich m\u00f6gen und manchmal h\u00e4tte ich mir auch ein paar Momente der Ruhe gew\u00fcnscht, aber alles in allem mochte ich die Musik aus dem Film sehr. Den Soundtrack findet ihr <a href=\"https:\/\/open.spotify.com\/album\/2z3M8TCtB2a2DeujmCAbva?si=xUr3umMLSO6qgGCPFQROsw\">hier<\/a>.<\/p>\n<p>Und &#8211; ganz untypisch f\u00fcr mich &#8211; besonders der Abspann hat mir gut gefallen. Bisher hatte ich f\u00fcr Abspanne nicht viel \u00fcbrig (au\u00dfer vielleicht f\u00fcr die von Marvel), aber diesen fand ich sehr sch\u00f6n gemacht. Ohne zu viel verraten zu wollen, man fasst die Essenz und wichtigen Orte des Films nochmal sch\u00f6n zusammen, ich mochte das irgendwie.<\/p>\n<p>Abschlie\u00dfend kann ich sagen, dass die Verfilmung von <em>The Darkest Minds &#8211; die \u00dcberlebenden<\/em> so akkurat wie die der Harry Potter B\u00fccher war, nur, wenn man sich ein bisschen eingehender mit einigen Elementen besch\u00e4ftigt, fallen einem gro\u00dfe Unterschiede auf. Ich denke, als Fan kann man ganz zufrieden sein, und auch, wenn ich ein bisschen gemeckert habe, hoffe ich auf genug Erfolg des Films um eine Fortsetzung zu bekommen.<\/p>\n<p><strong><em>* Dieser Beitrag ist in Zusammenarbeit mit der S&amp;L Medianetworx GmbH entstanden. <\/em><\/strong><\/p>\n","protected":false},"excerpt":{"rendered":"<p>Am Montag, dem 17. September 2018 habe ich mir meine beste Freundin geschnappt und einen Roadtrip nach W\u00fcrzburg gemacht. Das war ausgesprochen spontan, aber absolut n\u00f6tig, denn immerhin schw\u00e4rme ich auf diesem Blog seit April von Alexandra Bracken und den Psi-Kids und musste jetzt endlich mal den Kinofilm gucken! Jugendbuchverfilmungen sind seit einigen Jahren beliebtes [&hellip;]<\/p>\n","protected":false},"author":1,"featured_media":2308,"comment_status":"open","ping_status":"open","sticky":false,"template":"","format":"standard","meta":{"_genesis_hide_title":false,"_genesis_hide_breadcrumbs":false,"_genesis_hide_singular_image":false,"_genesis_hide_footer_widgets":false,"_genesis_custom_body_class":"","_genesis_custom_post_class":"","_genesis_layout":"","footnotes":""},"categories":[3],"tags":[],"class_list":{"0":"post-2307","1":"post","2":"type-post","3":"status-publish","4":"format-standard","5":"has-post-thumbnail","7":"category-bookish","8":"entry"},"_links":{"self":[{"href":"https:\/\/buchundgewitter.de\/index.php?rest_route=\/wp\/v2\/posts\/2307","targetHints":{"allow":["GET"]}}],"collection":[{"href":"https:\/\/buchundgewitter.de\/index.php?rest_route=\/wp\/v2\/posts"}],"about":[{"href":"https:\/\/buchundgewitter.de\/index.php?rest_route=\/wp\/v2\/types\/post"}],"author":[{"embeddable":true,"href":"https:\/\/buchundgewitter.de\/index.php?rest_route=\/wp\/v2\/users\/1"}],"replies":[{"embeddable":true,"href":"https:\/\/buchundgewitter.de\/index.php?rest_route=%2Fwp%2Fv2%2Fcomments&post=2307"}],"version-history":[{"count":8,"href":"https:\/\/buchundgewitter.de\/index.php?rest_route=\/wp\/v2\/posts\/2307\/revisions"}],"predecessor-version":[{"id":2320,"href":"https:\/\/buchundgewitter.de\/index.php?rest_route=\/wp\/v2\/posts\/2307\/revisions\/2320"}],"wp:featuredmedia":[{"embeddable":true,"href":"https:\/\/buchundgewitter.de\/index.php?rest_route=\/wp\/v2\/media\/2308"}],"wp:attachment":[{"href":"https:\/\/buchundgewitter.de\/index.php?rest_route=%2Fwp%2Fv2%2Fmedia&parent=2307"}],"wp:term":[{"taxonomy":"category","embeddable":true,"href":"https:\/\/buchundgewitter.de\/index.php?rest_route=%2Fwp%2Fv2%2Fcategories&post=2307"},{"taxonomy":"post_tag","embeddable":true,"href":"https:\/\/buchundgewitter.de\/index.php?rest_route=%2Fwp%2Fv2%2Ftags&post=2307"}],"curies":[{"name":"wp","href":"https:\/\/api.w.org\/{rel}","templated":true}]}}