{"id":2287,"date":"2018-09-14T18:00:36","date_gmt":"2018-09-14T16:00:36","guid":{"rendered":"https:\/\/buchundgewitter.de\/?p=2287"},"modified":"2019-09-24T22:23:25","modified_gmt":"2019-09-24T20:23:25","slug":"ein-sommer-auf-gut-glueck-von-morgan-matson","status":"publish","type":"post","link":"https:\/\/buchundgewitter.de\/?p=2287","title":{"rendered":"Ein Sommer auf gut Gl\u00fcck von Morgan Matson"},"content":{"rendered":"<p><img loading=\"lazy\" decoding=\"async\" class=\"wp-image-2296 aligncenter size-large\" src=\"https:\/\/buchundgewitter.de\/wp-content\/uploads\/2018\/09\/1E9AC545-1391-4E2D-8DAF-57CD84135FB1-700x393.jpeg\" alt=\"\" width=\"700\" height=\"393\" srcset=\"https:\/\/buchundgewitter.de\/wp-content\/uploads\/2018\/09\/1E9AC545-1391-4E2D-8DAF-57CD84135FB1-700x393.jpeg 700w, https:\/\/buchundgewitter.de\/wp-content\/uploads\/2018\/09\/1E9AC545-1391-4E2D-8DAF-57CD84135FB1-300x168.jpeg 300w, https:\/\/buchundgewitter.de\/wp-content\/uploads\/2018\/09\/1E9AC545-1391-4E2D-8DAF-57CD84135FB1-768x431.jpeg 768w\" sizes=\"auto, (max-width: 700px) 100vw, 700px\" \/><\/p>\n<p>Obwohl ich wahnsinnig gerne schon von Herbst reden w\u00fcrde, hat die Sonne sich in den letzten Tagen entschlossen, nochmal alles an Hitze zu produzieren, was sie hergeben konnte. Die ersten Septembertage waren also hei\u00df und sonnig und ich dachte mir, es gibt keinen besseren Zeitpunkt um den Sommer mit einem letzten Sommerbuch zu verabschieden.<\/p>\n<h4 style=\"text-align: center;\"><span style=\"color: #993300;\">Darum gehts<\/span><\/h4>\n<p style=\"text-align: center;\"><strong>Andie hat f\u00fcr den Sommer alles durchgeplant: Um ihrem Politikervater zu entkommen, hat sie sich f\u00fcr einen Sommerkurs in Medizin angemeldet und z\u00e4hlt seitdem die Tage, bis es los geht. Da alles \u00e4ndert sich allerdings, als ihr Vater seine T\u00e4tigkeit einstellen muss, als ihm Korruption vorgeworfen wird. Denn Andies Platz im Medizinkurs wird ihr verweigert und pl\u00f6tzlich kann sie sich nur noch f\u00fcr einen Gassi-geh-Service bewerben. Dabei hat Andie keine Ahnung von Hunden &#8230;\u00a0<\/strong><\/p>\n<h4 style=\"text-align: center;\"><span style=\"color: #993300;\">Meine Meinung<\/span><\/h4>\n<p>Obwohl ich versucht habe ohne Erwartungen an dieses Buch zu gehen, hat das nicht wirklich funktioniert. Das Cover (Sowohl das deutsche, als auch die englische Originalausgabe) hat den Flair eines luftig, fluffigen Sommerromans vermittelt. Ich habe mit ein bisschen Drama und Tollpatschigkeit gerechnet, aber das war so gar nicht der Fall.<\/p>\n<p>Tats\u00e4chlich ist Andie als Protagonistin sympathisch und vorsichtig. Ihr ganzes Leben ist so ausgerichtet und abgestimmt, dass es ihrem Vater und seiner Arbeit als Kongressabgeordneter keine Schwierigkeiten bereitet. Das geht von ihrem Kleidungsstil \u00fcber Partybesuche (auf denen sie auf keinen Fall mit Alkohol gesichtet werden darf) bis zu ihrer Starbucksbestellung. Die Beziehung zu ihrem Vater ist deswegen aber auch recht k\u00fchl, aufgrund seiner vielen Arbeit haben sie kaum Zeit f\u00fcreinander und haben sich in den letzten Jahren auseinander gelebt. Daf\u00fcr hatte Andie sehr viele Kinderm\u00e4dchen.<\/p>\n<p>Als nun ein Korruptionsvorwurf laut wird, legt Andies Vater seine T\u00e4tigkeit auf unbestimmte Zeit nieder und ist pl\u00f6tzlich viel mehr zuhause und auch sehr viel st\u00e4rker an Andies Leben interessiert, als zuvor. W\u00e4hrend Andie noch mit der Entt\u00e4uschung \u00fcber die Absage ihres Medizinkurses k\u00e4mpft und h\u00e4nderingend einen neuen Sommerjob sucht, der sich auch auf Bewerbungen und Lebensl\u00e4ufen gut macht, steckt auch noch ihr Vater seine Nase in ihr Leben.<\/p>\n<p>Obwohl ich von der Popularit\u00e4t Morgan Matsons B\u00fccher wusste, war ich dennoch positiv \u00fcberrascht von <em>Ein Sommer auf gut Gl\u00fcck<\/em>. Die Autorin schafft es die perfekte Balance zwischen Liebe, Freundschaft und Familie zu finden, denn im Laufe des Buches versuchen Andie und ihr Vater sich wieder n\u00e4her zu kommen, was teils zu peinlichen Situationen und teils auch zu sehr lustigen und s\u00fc\u00dfen Momenten f\u00fchrt. Obwohl die Einf\u00fchrung in das Vater-Tochter-Gespann alles andere als gut verl\u00e4uft, entwickelt sich mit der Zeit ganz nat\u00fcrlich eine Beziehung, wo ebenfalls der Tod und die Trauer um Andies Mum thematisiert und aufgearbeitet wird.<\/p>\n<p>Zudem wird auch auf eine tolle M\u00e4dchenfreundschaft eingegangen, denn Andie ist Teil eines gro\u00dfartigen Freundinnengespanns, bestehend aus Palmer, Bri und Toby. Neben langen Chatverl\u00e4ufen sind die Freundinnen ein gro\u00dfer Teil der Handlung, sie sind Andies sicherer Hafen und zeigen als wunderbares Beispiel, wie Freundschaft aussehen soll. Es gibt H\u00f6hen und Tiefen, aber auch viele kl\u00e4rende Gespr\u00e4che und die ehrliche Besorgtheit der Freundinnen umeinander ist einfach nur sch\u00f6n.<\/p>\n<p>Der Haupthandlungsstrang des Buches ist aber die Beziehung zwischen Andie und Clark. Clark ist das m\u00e4nnliche Loveinterest, obwohl Andie zu Beginn nicht viel mit seinen Fanshirts zu Star Wars und Doctor Who anfangen kann und mit seinem Namen gleich gar nicht (Clark Bruce McCallister). Es stellt sich heraus, dass Clark ein junger Fantasy-Bestseller Autor ist, der das Patrick-Rothfuss-Syndrom hat: Er kann seinen dritten Band nicht schreiben. Clark steckt in einer furchtbaren Schreibblockade und lebt im Haus seiner Lektorin, wo er deren Hund Bertie betreuen muss, hat aber leider gar kein H\u00e4ndchen f\u00fcr Hunde. Als Andie beginnt seinen Hund auszuf\u00fchren kommen die beiden sich auf sehr s\u00fc\u00dfe, stotternde Art n\u00e4her. Andies Verschlossenheit k\u00f6nnte die Beziehung allerdings beenden, bevor sie \u00fcberhaupt angefangen hat, denn Clark h\u00e4lt nichts von Floskeln und seichten Themen. Andie muss sich entscheiden, ob ihre Politikertochterfassade sie noch l\u00e4nger gl\u00fccklich machen kann, oder ob sie nicht endlich etwas wagen soll.<\/p>\n<p>Schlussendlich habe ich von einem 600+ Seiten Buch etwas anderes erwartet, aber der Inhalt macht gl\u00fccklich und f\u00fchlt sich nach Sommer an, weswegen ich nicht zufriedener sein k\u00f6nnte. Wer also noch nicht genug von Sonne, Strand und Meer hat oder schon die Leseliste f\u00fcr den Sommer 2019 plant, dem lege ich dieses Buch ganz sehr ans Herz.<\/p>\n<hr \/>\n<p style=\"text-align: center;\"><i>Verlag<\/i>: cbj\u00a0\u2022 <i>Seiten<\/i>: 688\u00a0\u2022 <i>Format<\/i>: Taschenbuch, eBook\u00a0\u2022 <i>Preis<\/i>: 9,99\u20ac (TB); 9,99\u20ac (ePub)\u00a0\u2022 <i>Erscheinungstermin<\/i>: 10. April 2018\u00a0\u2022 <a href=\"https:\/\/www.amazon.de\/Ein-Sommer-auf-gut-Gl\u00fcck\/dp\/3570403572\/ref=sr_1_1?s=books&amp;ie=UTF8&amp;qid=1536938990&amp;sr=1-1&amp;keywords=ein+sommer+auf+gut+gl\u00fcck\"><i>Neugierig<\/i><\/a><a href=\"https:\/\/www.amazon.de\/Ein-Sommer-auf-gut-Gl\u00fcck\/dp\/3570403572\/ref=sr_1_1?s=books&amp;ie=UTF8&amp;qid=1536938990&amp;sr=1-1&amp;keywords=ein+sommer+auf+gut+gl\u00fcck\">?<\/a><\/p>\n<p style=\"text-align: center;\"><em>Vielen Dank an das Bloggerportal und den Verlag f\u00fcr die kosten- und bedingungsfreie Bereitstellung dieses Rezensionsexemplars. <\/em><\/p>\n","protected":false},"excerpt":{"rendered":"<p>Obwohl ich wahnsinnig gerne schon von Herbst reden w\u00fcrde, hat die Sonne sich in den letzten Tagen entschlossen, nochmal alles an Hitze zu produzieren, was sie hergeben konnte. Die ersten Septembertage waren also hei\u00df und sonnig und ich dachte mir, es gibt keinen besseren Zeitpunkt um den Sommer mit einem letzten Sommerbuch zu verabschieden. Darum [&hellip;]<\/p>\n","protected":false},"author":1,"featured_media":2296,"comment_status":"open","ping_status":"open","sticky":false,"template":"","format":"standard","meta":{"_genesis_hide_title":false,"_genesis_hide_breadcrumbs":false,"_genesis_hide_singular_image":false,"_genesis_hide_footer_widgets":false,"_genesis_custom_body_class":"","_genesis_custom_post_class":"","_genesis_layout":"","footnotes":""},"categories":[10,6],"tags":[],"class_list":{"0":"post-2287","1":"post","2":"type-post","3":"status-publish","4":"format-standard","5":"has-post-thumbnail","7":"category-deutsche-buecher","8":"category-rezensionen","9":"entry"},"_links":{"self":[{"href":"https:\/\/buchundgewitter.de\/index.php?rest_route=\/wp\/v2\/posts\/2287","targetHints":{"allow":["GET"]}}],"collection":[{"href":"https:\/\/buchundgewitter.de\/index.php?rest_route=\/wp\/v2\/posts"}],"about":[{"href":"https:\/\/buchundgewitter.de\/index.php?rest_route=\/wp\/v2\/types\/post"}],"author":[{"embeddable":true,"href":"https:\/\/buchundgewitter.de\/index.php?rest_route=\/wp\/v2\/users\/1"}],"replies":[{"embeddable":true,"href":"https:\/\/buchundgewitter.de\/index.php?rest_route=%2Fwp%2Fv2%2Fcomments&post=2287"}],"version-history":[{"count":10,"href":"https:\/\/buchundgewitter.de\/index.php?rest_route=\/wp\/v2\/posts\/2287\/revisions"}],"predecessor-version":[{"id":3926,"href":"https:\/\/buchundgewitter.de\/index.php?rest_route=\/wp\/v2\/posts\/2287\/revisions\/3926"}],"wp:featuredmedia":[{"embeddable":true,"href":"https:\/\/buchundgewitter.de\/index.php?rest_route=\/wp\/v2\/media\/2296"}],"wp:attachment":[{"href":"https:\/\/buchundgewitter.de\/index.php?rest_route=%2Fwp%2Fv2%2Fmedia&parent=2287"}],"wp:term":[{"taxonomy":"category","embeddable":true,"href":"https:\/\/buchundgewitter.de\/index.php?rest_route=%2Fwp%2Fv2%2Fcategories&post=2287"},{"taxonomy":"post_tag","embeddable":true,"href":"https:\/\/buchundgewitter.de\/index.php?rest_route=%2Fwp%2Fv2%2Ftags&post=2287"}],"curies":[{"name":"wp","href":"https:\/\/api.w.org\/{rel}","templated":true}]}}