{"id":1956,"date":"2018-08-09T17:06:47","date_gmt":"2018-08-09T15:06:47","guid":{"rendered":"https:\/\/buchundgewitter.de\/?p=1956"},"modified":"2018-08-22T10:51:50","modified_gmt":"2018-08-22T08:51:50","slug":"meine-sommer-lese-liste-woche-3","status":"publish","type":"post","link":"https:\/\/buchundgewitter.de\/?p=1956","title":{"rendered":"Meine Sommer-Lese-Liste: Woche 3"},"content":{"rendered":"<p><img loading=\"lazy\" decoding=\"async\" class=\"aligncenter wp-image-1958 size-full\" src=\"https:\/\/buchundgewitter.de\/wp-content\/uploads\/2018\/08\/final1533826706979.jpg\" alt=\"\" width=\"3264\" height=\"1832\" srcset=\"https:\/\/buchundgewitter.de\/wp-content\/uploads\/2018\/08\/final1533826706979.jpg 3264w, https:\/\/buchundgewitter.de\/wp-content\/uploads\/2018\/08\/final1533826706979-300x168.jpg 300w, https:\/\/buchundgewitter.de\/wp-content\/uploads\/2018\/08\/final1533826706979-768x431.jpg 768w, https:\/\/buchundgewitter.de\/wp-content\/uploads\/2018\/08\/final1533826706979-700x393.jpg 700w, https:\/\/buchundgewitter.de\/wp-content\/uploads\/2018\/08\/final1533826706979-1024x575.jpg 1024w\" sizes=\"auto, (max-width: 3264px) 100vw, 3264px\" \/><\/p>\n<p><span style=\"color: #993300;\"><strong>E<\/strong><\/span>s ist Donnerstag und die Woche damit schon fast wieder vorbei, allerdings habe ich noch nichts Nennenswertes gelesen und kann mich zudem nicht entscheiden, was ich \u00fcberhaupt lesen will.<\/p>\n<h6><em>Aber zuerst ein kleiner Abriss:<\/em><\/h6>\n<p>Montag bin ich wieder in meiner WG angekommen, nachdem ich Samstagabend mit meiner Mama 6 h von Usedom zu meinen Eltern gefahren bin. (Leider bin ich in der letzten Stunde eingenickt, sodass sie nur Gesellschaft vom Magnus-Chase-H\u00f6rbuch hatte.) Ich habe tats\u00e4chlich meine kompletten Lesevorhaben in die Tat umgesetzt. Wirklich. Ich habe jeden Tag gelesen, hatte immer mein Buch dabei und konnte mich erfolgreich vorm Abwaschen beim Camping-Urlaub dr\u00fccken, haha. Schon lange hatte ich mich nicht mehr so sehr wie eine Leseratte gef\u00fchlt. Und ich kann stolz behaupten, dass mir jedes Buch gefallen hat. Das ist bei 9 B\u00fcchern hintereinander echt selten &#8211; denke ich zumindest &#8211; und ich glaube, das h\u00e4lt mich am meisten davon ab, was Neues zu finden.<\/p>\n<h4><span style=\"color: #993300;\"><strong>Woche 3<\/strong><\/span> <strong><em>(05.08.2018 bis 11.08.2018)<\/em><\/strong><\/h4>\n<figure id=\"attachment_1957\" aria-describedby=\"caption-attachment-1957\" style=\"width: 300px\" class=\"wp-caption alignright\"><img loading=\"lazy\" decoding=\"async\" class=\"wp-image-1957 size-medium\" src=\"https:\/\/buchundgewitter.de\/wp-content\/uploads\/2018\/08\/final1533826528754-300x300.jpg\" alt=\"\" width=\"300\" height=\"300\" srcset=\"https:\/\/buchundgewitter.de\/wp-content\/uploads\/2018\/08\/final1533826528754-300x300.jpg 300w, https:\/\/buchundgewitter.de\/wp-content\/uploads\/2018\/08\/final1533826528754-150x150.jpg 150w, https:\/\/buchundgewitter.de\/wp-content\/uploads\/2018\/08\/final1533826528754-768x768.jpg 768w, https:\/\/buchundgewitter.de\/wp-content\/uploads\/2018\/08\/final1533826528754-700x700.jpg 700w, https:\/\/buchundgewitter.de\/wp-content\/uploads\/2018\/08\/final1533826528754-425x425.jpg 425w, https:\/\/buchundgewitter.de\/wp-content\/uploads\/2018\/08\/final1533826528754-1280x1280.jpg 1280w, https:\/\/buchundgewitter.de\/wp-content\/uploads\/2018\/08\/final1533826528754-1024x1024.jpg 1024w\" sizes=\"auto, (max-width: 300px) 100vw, 300px\" \/><figcaption id=\"caption-attachment-1957\" class=\"wp-caption-text\">Sind diese Eulen-Pflanzent\u00f6pfe nicht s\u00fc\u00df?<\/figcaption><\/figure>\n<p>Nachdem im Montag wieder in meinem WG-Zimmer war, musste ich erstmal W\u00e4sche waschen, P\u00e4kchen auspacken (Das war der sch\u00f6nste Part des Tages) und versuchen einen Alltag zu finden. Das hat noch bis Dienstag gedauert und bis Mittwoch konnte ich mich nicht entscheiden, was ich lesen will. Ich habe in den letzten Wochen einfach zu viele B\u00fccher angesammelt &#8211; Ich kann sich so ganz glauben, dass ich das tats\u00e4chlich schreibe -, ich habe tausend Anreize und doch ist keiner Spannend genug. Zum Beispiel sind die B\u00fccher von Brittany Cavallaro bei mir eingezogen und die sch\u00f6ne Taschenbuchausgabe von <em>Percy Jackson and the Olympians<\/em>. PJO m\u00f6chte ich ja eigentlich schon seit Juni re-readen, seitdem meine liebste Webserie eine neue Folge hochgeladen hat. (Kennt ihr <a href=\"https:\/\/www.youtube.com\/watch?v=f6J3NsDuIyY&amp;list=PLO1DCdzn47dRZrLjlJKd98qL__R7NmWdj\">Frog Citys PJO-Webserie auf Youtube<\/a>? Meiner Meinung nach ist das die bisher akkurateste Verfilmung der B\u00fccher, auch wenn sie nur wenige Szenen verfilmen konnten.)<\/p>\n<p>Da ich nun auch an meiner ersten Hausarbeit arbeiten muss, hat sich mein Lesevorhaben sowieso reduziert, weswegen ich es mit 3 B\u00fcchern in der Woche versuche. Da ich nicht arbeiten muss und praktisch nur Uni, Kochen und Lesen habe, sollte das machbar sein. Ganz oben steht mein aktuelles Rezensionsexemplar <em>Jane Austen &#8211; Jagd auf das verschollene Manuskript<\/em> von Kathleen Flynn. Bisher hat es mich leider nicht aus den Latschen gehauen. Da ich ebenfalls mit <em>A Study in Charlotte<\/em> angefangen habe, m\u00f6chte ich das beenden, es liest sich bisher ganz gut, wenn ich auch noch nicht sooo gefangen davon bin. Aber es vermittelt definitiv Sherlock-Holmes-Vibes, weswegen ich auch gleich mal Staffel 4 von Sherlock gucken musste. Uups. ^^&#8216; Tja, und dann kam gestern Abend doch noch die Percy Jackson Sucht durch und ich habe mit <em>The Lightning Thief<\/em> begonnen.<\/p>\n<p>Tja, jetzt bin ich erst mal froh, wenn ich meine drei angefangenen B\u00fccher beenden kann, weiteres will ich mir nicht vornehmen.<\/p>\n<p>In die engere Auswahl ist \u00fcbrigens ein Memoir von Amy Liptrot gekommen &#8211; <em>Nachtlichter<\/em>. Es erz\u00e4hlt ihre Geschichte wie sie nach einer Sucht wieder festen Boden unter den F\u00fc\u00dfen bekommt, dank der wilden Natur der Orkney-Inseln. Das Buch m\u00f6chte ich gerne in den n\u00e4chsten Wochen lesen, ich finde es klingt faszinierend.<\/p>\n<p>Ich hoffe, euch geht es gut. Was lest ihr denn gerade?<\/p>\n","protected":false},"excerpt":{"rendered":"<p>Es ist Donnerstag und die Woche damit schon fast wieder vorbei, allerdings habe ich noch nichts Nennenswertes gelesen und kann mich zudem nicht entscheiden, was ich \u00fcberhaupt lesen will. Aber zuerst ein kleiner Abriss: Montag bin ich wieder in meiner WG angekommen, nachdem ich Samstagabend mit meiner Mama 6 h von Usedom zu meinen Eltern [&hellip;]<\/p>\n","protected":false},"author":1,"featured_media":1958,"comment_status":"open","ping_status":"open","sticky":false,"template":"","format":"standard","meta":{"_genesis_hide_title":false,"_genesis_hide_breadcrumbs":false,"_genesis_hide_singular_image":false,"_genesis_hide_footer_widgets":false,"_genesis_custom_body_class":"","_genesis_custom_post_class":"","_genesis_layout":"","footnotes":""},"categories":[3],"tags":[],"class_list":{"0":"post-1956","1":"post","2":"type-post","3":"status-publish","4":"format-standard","5":"has-post-thumbnail","7":"category-bookish","8":"entry"},"_links":{"self":[{"href":"https:\/\/buchundgewitter.de\/index.php?rest_route=\/wp\/v2\/posts\/1956","targetHints":{"allow":["GET"]}}],"collection":[{"href":"https:\/\/buchundgewitter.de\/index.php?rest_route=\/wp\/v2\/posts"}],"about":[{"href":"https:\/\/buchundgewitter.de\/index.php?rest_route=\/wp\/v2\/types\/post"}],"author":[{"embeddable":true,"href":"https:\/\/buchundgewitter.de\/index.php?rest_route=\/wp\/v2\/users\/1"}],"replies":[{"embeddable":true,"href":"https:\/\/buchundgewitter.de\/index.php?rest_route=%2Fwp%2Fv2%2Fcomments&post=1956"}],"version-history":[{"count":5,"href":"https:\/\/buchundgewitter.de\/index.php?rest_route=\/wp\/v2\/posts\/1956\/revisions"}],"predecessor-version":[{"id":1963,"href":"https:\/\/buchundgewitter.de\/index.php?rest_route=\/wp\/v2\/posts\/1956\/revisions\/1963"}],"wp:featuredmedia":[{"embeddable":true,"href":"https:\/\/buchundgewitter.de\/index.php?rest_route=\/wp\/v2\/media\/1958"}],"wp:attachment":[{"href":"https:\/\/buchundgewitter.de\/index.php?rest_route=%2Fwp%2Fv2%2Fmedia&parent=1956"}],"wp:term":[{"taxonomy":"category","embeddable":true,"href":"https:\/\/buchundgewitter.de\/index.php?rest_route=%2Fwp%2Fv2%2Fcategories&post=1956"},{"taxonomy":"post_tag","embeddable":true,"href":"https:\/\/buchundgewitter.de\/index.php?rest_route=%2Fwp%2Fv2%2Ftags&post=1956"}],"curies":[{"name":"wp","href":"https:\/\/api.w.org\/{rel}","templated":true}]}}