{"id":1306,"date":"2018-05-10T11:14:34","date_gmt":"2018-05-10T09:14:34","guid":{"rendered":"https:\/\/buchundgewitter.wordpress.com\/?p=1306"},"modified":"2026-02-19T20:57:56","modified_gmt":"2026-02-19T19:57:56","slug":"aprilbuecher","status":"publish","type":"post","link":"https:\/\/buchundgewitter.de\/?p=1306","title":{"rendered":"Aprilb\u00fccher"},"content":{"rendered":"<p><em>April. Ach, April. Wo ist der Fr\u00fchling hin? Ich h\u00e4tte gerne die Chance gehabt meine \u00dcbergangsjacke ein bisschen \u00f6fter zu tragen als zwei Mal. Stattdessen war pl\u00f6tzlich Sommer &#8211; Nix da mit angenehm k\u00fchlen, sonnigen Tagen; ich musste meine Sommergarderobe rauskramen und suche aktuell verzweifelt nach einem Ventilator. Ich mag dieses Wetter nicht. Gelesen habe ich nat\u00fcrlich trotzdem, wenn auch nicht so viel wie gewohnt.<\/em><\/p>\n<p><strong><span style=\"color: #ff6600;\">Wonder Woman<\/span><\/strong> &#8211; Leigh Bardugo<\/p>\n<p>Damit hat mein Monat \u00fcber die Osterfeiertage begonnen und weil es mir so gut gefallen hat, gab es dazu <a href=\"http:\/\/buchundgewitter.de\/2018\/04\/21\/wonder-woman\/\">eine Rezension<\/a>. Es wird vielleicht nicht mein Lieblingsbuch, aber es ist definitiv gut. So gut, dass ich gerne die anderen DC-Helden-B\u00fccher lesen m\u00f6chte.<\/p>\n<p><strong><span style=\"color: #ff6600;\">My Lady Jane<\/span><\/strong> &#8211; Cynthia Hand &amp; Brodi Ashton &amp; Jodi Meadows<\/p>\n<p>Dieses Buch brachte mich zum lachen. Sehr. Und das in einer Zeit wirklich schweren Zeit, wo jedes Lachen sich wie ein Verrat anf\u00fchlte. Allein das Vorwort ist schon witzig, weil die Autorinnen sich entschuldigen, f\u00fcr das, was sie gleich mit der englischen Geschichte machen werden. Menschen, die sich in Tiere verwandeln, jede Menge Pferdewitze und ein B\u00fcrgerkrieg machen dieses Buch zu einem interessanten, witzigen Leseerlebnis. Hat mir sehr gut gefallen, wenn auch der Einstieg etwas langsam war.<\/p>\n<p><strong><span style=\"color: #ff6600;\">Anna and the French Kiss<\/span><\/strong> &#8211; Stephanie Perkins<\/p>\n<p>Ich hab es gelesen. Endlich. Endlich? Naja, hat mich nicht so \u00fcberzeugt, war aber ganz s\u00fc\u00df. Das gr\u00f6\u00dfte Problem war, dass Etienne eine Freundin hatte. Ein bisschen frustrierend und irgendwie kitschig, aber ganz nett so f\u00fcr zwischendurch. Eine nicht ernst zu nehmende Ablenkung.<\/p>\n<p><strong><span style=\"color: #ff6600;\">Pain of Today<\/span><\/strong> &#8211; Bianca Iosivoni<\/p>\n<p>Damit habe ich meinen Wunsch nach Uni gestillt. Genau, weil ich ja eine Woche vor dem Semesterbeginn nichts Besseres zu tun habe. Aber so habe ich mich wenigstens aufs neue Semester gefreut. Zwar eine kurze, dennoch sehr sch\u00f6ne New Adult Geschichte von Bianca, die ich gerne immer wieder lese.<\/p>\n<p><strong><span style=\"color: #ff6600;\">Simon vs. the Homo Sapiens Agenda<\/span><\/strong> &#8211; Becky Albertalli<\/p>\n<p>War mein Ostergeschenk an mich selbst. Ein Jahr zuvor habe ich es zum ersten Mal gelesen und als die neue Special Edition raus kam, habe ich mir das Hardcover geg\u00f6nnt. Meine erste Woche Uni war von Simon gepr\u00e4gt und ich konnte den Stress mit diesem Buch wundersch\u00f6n vergessen und neu motiviert starten. Ein Buch, das gl\u00fccklich macht.<\/p>\n<p><strong><span style=\"color: #ff6600;\">The Darkest Minds<\/span><\/strong> &#8211; Alexandra Bracken<\/p>\n<p>Ich habe noch keine so realistische Dystopie gelesen und liebe dieses Buch f\u00fcr seine Figuren, seinen Kampfgeist und schlaue Handlung. Hach, mehr dazu in <a href=\"http:\/\/buchundgewitter.de\/2018\/05\/05\/the-darkest-minds\/\">der Rezension<\/a>.<\/p>\n<p><strong><span style=\"color: #ff6600;\">Soul Mates &#8211; Ruf der Dunkelheit\u00a0<\/span><\/strong>&#8211; Bianca Iosivoni<\/p>\n<p>Dazu gibt es <a href=\"http:\/\/buchundgewitter.de\/2018\/04\/30\/soul-mates-ruf-der-dunkelheit\/\">eine Rezension<\/a>. Punkt.<\/p>\n<p><strong><span style=\"color: #ff6600;\">Iphigenie auf Tauris<\/span><\/strong> &#8211; Johann Wolfgang Goethe<\/p>\n<p>Unilekt\u00fcre. War ganz okay, wenn auch nicht spektakul\u00e4r. Ich mochte, dass es mal nicht in Mord und Totschlag geendet hat, und das mit Gespr\u00e4chen wirklich eine Einigung erzielt wurde, dass Figuren einer Argumentation zug\u00e4nglich waren. Allerdings sorgt das auch f\u00fcr wenig Handlung.<\/p>\n<p><em>Das sind also insgesamt 8 B\u00fccher (6 richtige B\u00fccher, 2eBooks). Der April war kein gro\u00dfer Lesemonat, ich habe haupts\u00e4chlich B\u00fccher gelesen, die in irgendeiner Art Komfort gespendet haben. Ich bin kein bisschen unzufrieden, weil es so ruhige Zeiten auch geben muss und ich die Zeit eher auf die Uni und meine Familie verwenden konnte. Ich hoffe, euer April hat euch auch gefallen und ihr habt ein paar tolle neue\/alte Lieblinge gefunden.<\/em><\/p>\n","protected":false},"excerpt":{"rendered":"<p>April. Ach, April. Wo ist der Fr\u00fchling hin? Ich h\u00e4tte gerne die Chance gehabt meine \u00dcbergangsjacke ein bisschen \u00f6fter zu tragen als zwei Mal. Stattdessen war pl\u00f6tzlich Sommer &#8211; Nix da mit angenehm k\u00fchlen, sonnigen Tagen; ich musste meine Sommergarderobe rauskramen und suche aktuell verzweifelt nach einem Ventilator. Ich mag dieses Wetter nicht. Gelesen habe [&hellip;]<\/p>\n","protected":false},"author":1,"featured_media":1318,"comment_status":"open","ping_status":"open","sticky":false,"template":"","format":"standard","meta":{"_genesis_hide_title":false,"_genesis_hide_breadcrumbs":false,"_genesis_hide_singular_image":false,"_genesis_hide_footer_widgets":false,"_genesis_custom_body_class":"","_genesis_custom_post_class":"","_genesis_layout":"","footnotes":""},"categories":[9],"tags":[],"class_list":{"0":"post-1306","1":"post","2":"type-post","3":"status-publish","4":"format-standard","5":"has-post-thumbnail","7":"category-9","8":"entry"},"_links":{"self":[{"href":"https:\/\/buchundgewitter.de\/index.php?rest_route=\/wp\/v2\/posts\/1306","targetHints":{"allow":["GET"]}}],"collection":[{"href":"https:\/\/buchundgewitter.de\/index.php?rest_route=\/wp\/v2\/posts"}],"about":[{"href":"https:\/\/buchundgewitter.de\/index.php?rest_route=\/wp\/v2\/types\/post"}],"author":[{"embeddable":true,"href":"https:\/\/buchundgewitter.de\/index.php?rest_route=\/wp\/v2\/users\/1"}],"replies":[{"embeddable":true,"href":"https:\/\/buchundgewitter.de\/index.php?rest_route=%2Fwp%2Fv2%2Fcomments&post=1306"}],"version-history":[{"count":5,"href":"https:\/\/buchundgewitter.de\/index.php?rest_route=\/wp\/v2\/posts\/1306\/revisions"}],"predecessor-version":[{"id":1422,"href":"https:\/\/buchundgewitter.de\/index.php?rest_route=\/wp\/v2\/posts\/1306\/revisions\/1422"}],"wp:featuredmedia":[{"embeddable":true,"href":"https:\/\/buchundgewitter.de\/index.php?rest_route=\/wp\/v2\/media\/1318"}],"wp:attachment":[{"href":"https:\/\/buchundgewitter.de\/index.php?rest_route=%2Fwp%2Fv2%2Fmedia&parent=1306"}],"wp:term":[{"taxonomy":"category","embeddable":true,"href":"https:\/\/buchundgewitter.de\/index.php?rest_route=%2Fwp%2Fv2%2Fcategories&post=1306"},{"taxonomy":"post_tag","embeddable":true,"href":"https:\/\/buchundgewitter.de\/index.php?rest_route=%2Fwp%2Fv2%2Ftags&post=1306"}],"curies":[{"name":"wp","href":"https:\/\/api.w.org\/{rel}","templated":true}]}}