{"id":1196,"date":"2018-03-26T15:16:09","date_gmt":"2018-03-26T13:16:09","guid":{"rendered":"https:\/\/buchundgewitter.wordpress.com\/?p=1196"},"modified":"2019-12-12T22:53:29","modified_gmt":"2019-12-12T21:53:29","slug":"herz-aus-schatten","status":"publish","type":"post","link":"https:\/\/buchundgewitter.de\/?p=1196","title":{"rendered":"Herz aus Schatten\u2502Laura Kneidl"},"content":{"rendered":"<p><img loading=\"lazy\" decoding=\"async\" class=\"aligncenter wp-image-1602 size-large\" src=\"http:\/\/buchundgewitter.de\/wp-content\/uploads\/2018\/03\/final1527149390710-1024x575.jpg\" alt=\"\" width=\"790\" height=\"444\" srcset=\"https:\/\/buchundgewitter.de\/wp-content\/uploads\/2018\/03\/final1527149390710-1024x575.jpg 1024w, https:\/\/buchundgewitter.de\/wp-content\/uploads\/2018\/03\/final1527149390710-300x168.jpg 300w, https:\/\/buchundgewitter.de\/wp-content\/uploads\/2018\/03\/final1527149390710-768x431.jpg 768w, https:\/\/buchundgewitter.de\/wp-content\/uploads\/2018\/03\/final1527149390710-700x393.jpg 700w\" sizes=\"auto, (max-width: 790px) 100vw, 790px\" \/>Nach meinem Vorbestellungs-Fail (Ich dachte, ich h\u00e4tte das Buch vorbesellt, weswegen ich es auf der LBM nicht signiert gekauft habe. War dann doch nicht so.) musste ich das neue Buch von Laura Kneidl ganz fix \u00fcber das gro\u00dfe A ordern, damit ich es noch vor meinem Urlaub lesen konnte. Denn nat\u00fcrlich hat mich die Neugier fast umgebracht und ich wollte partout nicht warten.<\/p>\n<h4 style=\"text-align: center;\">Darum gehts<\/h4>\n<p style=\"text-align: center;\"><strong>Kayla lebt als Monsterb<\/strong><strong>\u00e4ndigern in der letzten Stadt \u00a0Praha. Praha wird langsam von Monster umzingelt, die aus dem angrenzenden Wald kommen und die Stadt \u00fcberfallen. Trotz der hohen Mauer m\u00fcssen die B\u00e4ndiger t\u00e4glich ausziehen, um die Monster zu bek\u00e4mpfen, denn sie sind als einzige in der Lage einige an sich zu binden und so zu befehlen. Denn nur Monster k\u00f6nnen Monster t\u00f6ten. Aber dann taucht pl\u00f6tzlich eine neue Monster-Rasse auf, ausgerechnet dann, als Kayla sich entcheiden muss: Will sie eine B\u00e4ndigerin sein oder ein Feigling?<\/strong><\/p>\n<h4 style=\"text-align: center;\">Meine Meinung<\/h4>\n<p>Ich war so gespannt auf dieses Buch, dass ich mit einer Entt\u00e4uschung gar nicht gerechnet habe. Ich habe ein paar Rezension gelesen und da gab es durchweg positive Meinungen, immerhin schreibt Laura Kneidl seit Jahren tolle B\u00fccher. Ich war von ihrer New-Adult-Dilogie so begeistert, dass ich eine &#8211; f\u00fcr mich &#8211; Verschlechterung nicht in Erw\u00e4gung gezogen habe.<\/p>\n<p>Ich mag die Welt von Praha und den Monstern. Die Monster, die vorkommen, sind wahnsinnig faszinierend und d\u00fcster, das hat mir richtig gut gefallen. Sie sind an die vier apokalyptischen Reiter angelehnt und daraus sind ein paar tolle Figuren entstanden. Leider werden sie von den meisten B\u00e4ndigern nur als Werkzeug gesehen und auch dementsprechend behandelt. Dass sie die Monster mit ihrem Geist versklaven hat mir schon einen Schauer \u00fcber den R\u00fccken gejagt, denn Gedankenkontrolle ist f\u00fcr niemanden sch\u00f6n. Nach all den Jahren des Erfolges sind die B\u00e4ndiger ein ziemlich selbstbewusstes V\u00f6lkchen geworden und kommen mit Konkurrenz nicht zurecht. Weder untereinander noch mit der &#8222;Wilden Jagd&#8220; &#8211; einer Randgruppirung, die als Nicht-B\u00e4ndiger versucht sich gegen die Monster zur Wehr zu setzen.<\/p>\n<p>Ich h\u00e4tte gerne mehr \u00fcber die Monster und ihre Geschichte gelernt, aber leider hat Protagonistin Kayla das alles als unwichtig empfunden und lieber ihren Unterricht geschw\u00e4nzt. Sie will keine B\u00e4ndigerin sein, sie findet die Verwantwortung zu gro\u00df und schrecklich und versucht ihre Ausbildung zu sabotieren, um der Akademie verwiesen zu werden. Ihr Vater, der praktischerweise der Direktor ist, l\u00e4sst das nat\u00fcrlich nicht zu und Kayla gibt ihm gegen\u00fcber immer nach. Da bringt sie schon zum Audruck, wie sehr sie ihn und alles wof\u00fcr er steht verabscheut und kann ihm dann trotzdem nicht die Meinung sagen? Mein 17-J\u00e4hriges-Ich w\u00e4re da schon l\u00e4ngst explodiert.<\/p>\n<p>Neben Kayla wird die Geschichte auch mal aus der Sicht ihres Monster, einem Schattenwolf erz\u00e4hlt, was ich sehr spannend fand, allerdings ein wenig umst\u00e4dlich formuliert wurde. Ich habe dem Schattenwolf seine Figur nicht abgekauft, diese merkw\u00fcrdige Monster-POV kam mir sehr stereotypisch und unsauber vor.<\/p>\n<p>Ein weiterer spannender Aspekt war die &#8222;Wilde Jagd&#8220;. Laura Kneidl zeigt in diesem Buch einen Machtkonflikt, der von beiden Seiten wahnsinnig schlecht gehandhabt wird. Allgemein schien in dem Buch viel mehr Politik zu stecken, als ich vermutet habe und das hat mir \u00fcberraschender Weise sehr gut gefallen. Laura Kneidls Darstellung dieses Konfliktes fand ich sehr gut.<\/p>\n<p>Kaylas Familie fand ich sehr vorbildlich, denn ihre Mutter hat eine Lebenspartnerin und steht ganz offen dazu. Ihr Adoptivbruder Marek lieb\u00e4ugelt w\u00e4hrend des Buches immer mehr mit der wilden Jagd und nutzt Kayla f\u00fcr ihre Verbindungen zu den B\u00e4ndigern ziemlich aus. Was ihr nat\u00fcrlich voll egal ist. Kayla hat eine mir-doch-egal-Einstellung, die ihr mehrmals im Laufe der Handlung auf die F\u00fc\u00dfe f\u00e4llt und zudem geht sie recht freiz\u00fcgig mit geheimen Informationen um und sorgt so f\u00fcr Konflikte. Ihre Unbedachtheit hat mich irre gemacht und w\u00e4hrend des ganzen Buches wurde sie mir nicht sympathisch.<\/p>\n<p>Der Spannungsbogen war trotzdem super und ich mochte das Ende recht gerne, dennoch h\u00e4tte ich mir an einigen Stellen mehr Erkl\u00e4rungen gew\u00fcnscht. So zum Beispiel zu Praha selbst: Scheint die Stadt irgendwie Wirtschaftlich im Mittelalter zu stecken, war ich immer wieder verwirrt, wenn die Rede von Bluttests und Lichtschaltern war. Das hat mit dem allgemeinen Bild, dass man von Praha vermittelt bekommt, nicht \u00fcberein gestimmt. Auch Kayla h\u00e4tte ich gerne mal \u00f6fter erkl\u00e4rt bekommen, ich mochte sie zum Gro\u00dfteil n\u00e4mlich nicht, weil ich sie einfach nicht nachvollziehen konnte. In <em>Ber\u00fchre mich. Nicht<\/em> und <em>Verliere mich. Nicht<\/em> hat die Autorin die Figuren so gut ausgearbeitet und vorgestellt, dass ich mir das bei Kayla auch gew\u00fcnscht habe. So blieben die Figuren irgendwie eindimensional, mit einem Ziel, einer Motivation und scheinbar keinerlei Hintergedanken.<\/p>\n<p><em>Herz aus Schatten<\/em> war leider nicht das Buch, dass ich mir erhofft hatte, was allerdings nur eine pers\u00f6nliche Vorliebe ist. Es ist kein schlechtes Buch, nur war es leider kein Buch f\u00fcr mich.<\/p>\n<hr \/>\n<p style=\"text-align: center;\"><em>Autor<\/em>: Laura Kneidl \u2022 <em>Titel<\/em>: Herz aus Schatten \u2022 <em>Verlag<\/em>: Carlsen \u2022 <em>Seiten<\/em>: 464 \u2022 \u2022 <em>Format<\/em>: Taschenbuch mit Klappenbroschur, eBook \u2022 <em>Preis<\/em>: 12,99\u20ac (TB); 9,99\u20ac (ePub) \u2022 <em>Erscheinungstermin<\/em>: 21. M\u00e4rz 2018 \u2022\u00a0<a href=\"https:\/\/www.thalia.de\/shop\/home\/artikeldetails\/EAN9783551316929\/?ProvID=10911403&amp;pid=808233-detail&amp;affmt=2&amp;affmn=186\">Neugierig?<\/a><\/p>\n","protected":false},"excerpt":{"rendered":"<p>Nach meinem Vorbestellungs-Fail (Ich dachte, ich h\u00e4tte das Buch vorbesellt, weswegen ich es auf der LBM nicht signiert gekauft habe. War dann doch nicht so.) musste ich das neue Buch von Laura Kneidl ganz fix \u00fcber das gro\u00dfe A ordern, damit ich es noch vor meinem Urlaub lesen konnte. Denn nat\u00fcrlich hat mich die Neugier [&hellip;]<\/p>\n","protected":false},"author":1,"featured_media":1602,"comment_status":"open","ping_status":"open","sticky":false,"template":"","format":"standard","meta":{"_genesis_hide_title":false,"_genesis_hide_breadcrumbs":false,"_genesis_hide_singular_image":false,"_genesis_hide_footer_widgets":false,"_genesis_custom_body_class":"","_genesis_custom_post_class":"","_genesis_layout":"","footnotes":""},"categories":[10,6],"tags":[],"class_list":{"0":"post-1196","1":"post","2":"type-post","3":"status-publish","4":"format-standard","5":"has-post-thumbnail","7":"category-deutsche-buecher","8":"category-rezensionen","9":"entry"},"_links":{"self":[{"href":"https:\/\/buchundgewitter.de\/index.php?rest_route=\/wp\/v2\/posts\/1196","targetHints":{"allow":["GET"]}}],"collection":[{"href":"https:\/\/buchundgewitter.de\/index.php?rest_route=\/wp\/v2\/posts"}],"about":[{"href":"https:\/\/buchundgewitter.de\/index.php?rest_route=\/wp\/v2\/types\/post"}],"author":[{"embeddable":true,"href":"https:\/\/buchundgewitter.de\/index.php?rest_route=\/wp\/v2\/users\/1"}],"replies":[{"embeddable":true,"href":"https:\/\/buchundgewitter.de\/index.php?rest_route=%2Fwp%2Fv2%2Fcomments&post=1196"}],"version-history":[{"count":10,"href":"https:\/\/buchundgewitter.de\/index.php?rest_route=\/wp\/v2\/posts\/1196\/revisions"}],"predecessor-version":[{"id":4258,"href":"https:\/\/buchundgewitter.de\/index.php?rest_route=\/wp\/v2\/posts\/1196\/revisions\/4258"}],"wp:featuredmedia":[{"embeddable":true,"href":"https:\/\/buchundgewitter.de\/index.php?rest_route=\/wp\/v2\/media\/1602"}],"wp:attachment":[{"href":"https:\/\/buchundgewitter.de\/index.php?rest_route=%2Fwp%2Fv2%2Fmedia&parent=1196"}],"wp:term":[{"taxonomy":"category","embeddable":true,"href":"https:\/\/buchundgewitter.de\/index.php?rest_route=%2Fwp%2Fv2%2Fcategories&post=1196"},{"taxonomy":"post_tag","embeddable":true,"href":"https:\/\/buchundgewitter.de\/index.php?rest_route=%2Fwp%2Fv2%2Ftags&post=1196"}],"curies":[{"name":"wp","href":"https:\/\/api.w.org\/{rel}","templated":true}]}}